{"id":9230,"date":"2025-12-04T16:00:33","date_gmt":"2025-12-04T15:00:33","guid":{"rendered":"https:\/\/www.eintracht-schretzheim.de\/?p=9230"},"modified":"2025-12-03T20:18:43","modified_gmt":"2025-12-03T19:18:43","slug":"rwk-2026-auflage-lg2-runde-4","status":"publish","type":"post","link":"https:\/\/www.eintracht-schretzheim.de\/?p=9230","title":{"rendered":"RWK 2026 &#8211; Auflage LG2 &#8211; Runde 4"},"content":{"rendered":"<p><span style=\"text-decoration: underline; color: #800000;\"><strong><span style=\"font-family: 'trebuchet ms', geneva, sans-serif; font-size: 18pt;\">&#8222;Unverhofft kommt manchmal oft&#8220;<\/span><\/strong><\/span><\/p>\n<p><span style=\"font-family: 'trebuchet ms', geneva, sans-serif;\">Ausw\u00e4rts in Deisenhofen machten es unsere Sch\u00fctzen mal wieder richtig spannend. Lothar Massing arbeitete schwer, fand aber leider die Scheibenmitte nicht und musste mit 301,5 Ringen schon den Stand verlassen. Heinz Ebert brachte 310,8 Ringe in die Wertung, was auch ihn nicht wirklich zufriedenstellte. Und dann kam noch Reinhard B\u00e4sche (312,1\u00a0 Ringe), der seine Spitzenleistung der Woche an die erste Mannschaft sponserte! Somit schaffte es unser Trio auf 924,4 Ringe und hoffte&#8230; J\u00e4ger Gerhard brachte f\u00fcr die Deisenhofener 309,1 Ringe ins Ziel, w\u00e4hrend Lindner Gerhard 309,9 Ringe f\u00fcr die Wertung \u00fcbrig hatte. Als Hurler Erhard dann mit 303,9 Ringen seinen Wettkampfbeendete, standen f\u00fcr das heimische Trio 922,9 Ringe da, womit unsere Drei zum ersten Mal als gl\u00fcckliche Sieger hervorgingen. Und sie konnten wirklich strahlen, denn Wesp Emil blieb diesmal mit hervorragenden 314,6 Ringen au\u00dferhalb der Wertung.<\/span><\/p>\n<p><span style=\"font-family: 'trebuchet ms', geneva, sans-serif;\">Durch diesen Erfolg konnte unser Trio die ersten Punkte ergattern und in der Tabelle auf die restlichen Mannschaften etwas aufschlie\u00dfen. Aber unsere alten Hasen sehen das Ganze ja nicht mehr so streng und wenn sie zu Weihnachten wieder in ihre Form finden d\u00fcrfen, kann man sich auf die R\u00fcckrunde bestimmt freuen.<\/span><\/p>\n","protected":false},"excerpt":{"rendered":"<p>&#8222;Unverhofft kommt manchmal oft&#8220; Ausw\u00e4rts in Deisenhofen machten es unsere Sch\u00fctzen mal wieder richtig spannend. Lothar Massing arbeitete schwer, fand aber leider die Scheibenmitte nicht und musste mit 301,5 Ringen schon den Stand verlassen. Heinz Ebert brachte 310,8 Ringe in die Wertung, was auch ihn nicht wirklich zufriedenstellte. Und dann kam noch Reinhard B\u00e4sche (312,1\u00a0&#8230;<\/p>\n","protected":false},"author":11,"featured_media":0,"comment_status":"open","ping_status":"open","sticky":false,"template":"","format":"standard","meta":{"footnotes":""},"categories":[1],"tags":[],"class_list":["post-9230","post","type-post","status-publish","format-standard","hentry","category-allgemein"],"_links":{"self":[{"href":"https:\/\/www.eintracht-schretzheim.de\/index.php?rest_route=\/wp\/v2\/posts\/9230","targetHints":{"allow":["GET"]}}],"collection":[{"href":"https:\/\/www.eintracht-schretzheim.de\/index.php?rest_route=\/wp\/v2\/posts"}],"about":[{"href":"https:\/\/www.eintracht-schretzheim.de\/index.php?rest_route=\/wp\/v2\/types\/post"}],"author":[{"embeddable":true,"href":"https:\/\/www.eintracht-schretzheim.de\/index.php?rest_route=\/wp\/v2\/users\/11"}],"replies":[{"embeddable":true,"href":"https:\/\/www.eintracht-schretzheim.de\/index.php?rest_route=%2Fwp%2Fv2%2Fcomments&post=9230"}],"version-history":[{"count":1,"href":"https:\/\/www.eintracht-schretzheim.de\/index.php?rest_route=\/wp\/v2\/posts\/9230\/revisions"}],"predecessor-version":[{"id":9231,"href":"https:\/\/www.eintracht-schretzheim.de\/index.php?rest_route=\/wp\/v2\/posts\/9230\/revisions\/9231"}],"wp:attachment":[{"href":"https:\/\/www.eintracht-schretzheim.de\/index.php?rest_route=%2Fwp%2Fv2%2Fmedia&parent=9230"}],"wp:term":[{"taxonomy":"category","embeddable":true,"href":"https:\/\/www.eintracht-schretzheim.de\/index.php?rest_route=%2Fwp%2Fv2%2Fcategories&post=9230"},{"taxonomy":"post_tag","embeddable":true,"href":"https:\/\/www.eintracht-schretzheim.de\/index.php?rest_route=%2Fwp%2Fv2%2Ftags&post=9230"}],"curies":[{"name":"wp","href":"https:\/\/api.w.org\/{rel}","templated":true}]}}