{"id":9203,"date":"2025-11-28T11:00:16","date_gmt":"2025-11-28T10:00:16","guid":{"rendered":"https:\/\/www.eintracht-schretzheim.de\/?p=9203"},"modified":"2025-11-28T10:47:45","modified_gmt":"2025-11-28T09:47:45","slug":"rwk-2026-lg2-runde-4","status":"publish","type":"post","link":"https:\/\/www.eintracht-schretzheim.de\/?p=9203","title":{"rendered":"RWK 2026 &#8211; LG2 &#8211; Runde 4"},"content":{"rendered":"<p><span style=\"text-decoration: underline; color: #800000;\"><strong><span style=\"font-family: 'trebuchet ms', geneva, sans-serif; font-size: 18pt;\">Auch dabei, das \u00dcberraschungsei!<\/span><\/strong><\/span><\/p>\n<p><span style=\"font-family: 'trebuchet ms', geneva, sans-serif;\">Nunja&#8230; Auch wenn die Platzierung in der Tabelle nicht viel verspricht, konnte man doch erhobenen Hauptes nach Steinheim fahren. Zwar nur mit Ersatz Florian Miehlich im Gep\u00e4ck und ohne Stefan Wiedenmann, aber gut. Auf Position 4 schaffte es Mehmet Kursuncu mit 364 Ringen, sich gegen den gesundheitlich angeschlagenen Mayerle Michael (356 Ringe) &#8211; Wir w\u00fcnschen ihm gute Besserung! &#8211; tats\u00e4chlich durchzusetzen und so kamen die Schretzheimer an einen Einzelpunkt. Doch Mayerle Matthias wusste in Paarung 2 gleich zur\u00fcckzuschlagen und lie\u00df mit starken 383 Ringen unserem Florian Hitzler (367 Ringe) nicht den Hauch einer Hoffnung. Ersatzmann Florian &#8211; der aktuell beinahe \u00fcberall einspringt &#8211; ging auf Position 1 gegen Anzenhofer Johannes ins Rennen. Johannes konnte am Anfang die F\u00fchrung ergattern, unterlag aber im sp\u00e4teren Verlauf seinen Nerven, sodass dieser Einzelpunkt mit bemerkenswerten 379:387 Ringen an die Eintracht ging. Somit standen die Aussichten \u00fcberraschend positiv, doch Gerhard Graf lag in Paarung 3 sehr bald zur\u00fcck. Allerdings schnupperte Gerhard den Hauch eines Sieges und lie\u00df nicht locker. W\u00e4hrend Bahmann Katrin (361 Ringe) meist konstant unterwegs war, zog unser Fuchs (Der Titel &#8222;Altmeister&#8220; ist bereits vergeben) an ihr vorbei und sicherte mit 365 Ringen den Einzelpunkt und somit auch den ersten Sieg in dieser Saison f\u00fcr diese Mannschaft! [Steinheim 1479:1483 Ringe Schretzheim &amp; 1:3 Einzelpunkte]<\/span><\/p>\n<p><span style=\"font-family: 'trebuchet ms', geneva, sans-serif;\">Dennoch muss man nach diesem Sieg geerdet bleiben, denn die hier eingefahrenen drei Punkte haben nur den Abstand nach oben verringert und uns nicht von Platz des Vorletzten befreit. Somit wollen wir hoffen, dass Stefan Wiedenmann ab dem n\u00e4chsten Mal wieder einsteigt und noch ein paar weitere Punkte gefeiert werden k\u00f6nnen.<\/span><\/p>\n","protected":false},"excerpt":{"rendered":"<p>Auch dabei, das \u00dcberraschungsei! Nunja&#8230; Auch wenn die Platzierung in der Tabelle nicht viel verspricht, konnte man doch erhobenen Hauptes nach Steinheim fahren. Zwar nur mit Ersatz Florian Miehlich im Gep\u00e4ck und ohne Stefan Wiedenmann, aber gut. Auf Position 4 schaffte es Mehmet Kursuncu mit 364 Ringen, sich gegen den gesundheitlich angeschlagenen Mayerle Michael (356&#8230;<\/p>\n","protected":false},"author":11,"featured_media":0,"comment_status":"open","ping_status":"open","sticky":false,"template":"","format":"standard","meta":{"footnotes":""},"categories":[1],"tags":[],"class_list":["post-9203","post","type-post","status-publish","format-standard","hentry","category-allgemein"],"_links":{"self":[{"href":"https:\/\/www.eintracht-schretzheim.de\/index.php?rest_route=\/wp\/v2\/posts\/9203","targetHints":{"allow":["GET"]}}],"collection":[{"href":"https:\/\/www.eintracht-schretzheim.de\/index.php?rest_route=\/wp\/v2\/posts"}],"about":[{"href":"https:\/\/www.eintracht-schretzheim.de\/index.php?rest_route=\/wp\/v2\/types\/post"}],"author":[{"embeddable":true,"href":"https:\/\/www.eintracht-schretzheim.de\/index.php?rest_route=\/wp\/v2\/users\/11"}],"replies":[{"embeddable":true,"href":"https:\/\/www.eintracht-schretzheim.de\/index.php?rest_route=%2Fwp%2Fv2%2Fcomments&post=9203"}],"version-history":[{"count":1,"href":"https:\/\/www.eintracht-schretzheim.de\/index.php?rest_route=\/wp\/v2\/posts\/9203\/revisions"}],"predecessor-version":[{"id":9204,"href":"https:\/\/www.eintracht-schretzheim.de\/index.php?rest_route=\/wp\/v2\/posts\/9203\/revisions\/9204"}],"wp:attachment":[{"href":"https:\/\/www.eintracht-schretzheim.de\/index.php?rest_route=%2Fwp%2Fv2%2Fmedia&parent=9203"}],"wp:term":[{"taxonomy":"category","embeddable":true,"href":"https:\/\/www.eintracht-schretzheim.de\/index.php?rest_route=%2Fwp%2Fv2%2Fcategories&post=9203"},{"taxonomy":"post_tag","embeddable":true,"href":"https:\/\/www.eintracht-schretzheim.de\/index.php?rest_route=%2Fwp%2Fv2%2Ftags&post=9203"}],"curies":[{"name":"wp","href":"https:\/\/api.w.org\/{rel}","templated":true}]}}