{"id":9126,"date":"2025-11-08T19:32:11","date_gmt":"2025-11-08T18:32:11","guid":{"rendered":"https:\/\/www.eintracht-schretzheim.de\/?p=9126"},"modified":"2025-11-08T10:55:10","modified_gmt":"2025-11-08T09:55:10","slug":"rwk-2026-lp3-runde-2","status":"publish","type":"post","link":"https:\/\/www.eintracht-schretzheim.de\/?p=9126","title":{"rendered":"RWK 2026 &#8211; LP3 &#8211; Runde 2"},"content":{"rendered":"<p><span style=\"text-decoration: underline; color: #800000;\"><strong><span style=\"font-family: 'trebuchet ms', geneva, sans-serif; font-size: 18pt;\">Jubel!<\/span><\/strong><\/span><\/p>\n<p><span style=\"font-family: 'trebuchet ms', geneva, sans-serif;\">Zu Hause gegen Deisenhofen konnte unsere Truppe die Leistung gegen\u00fcber dem Auftakt-Match in Blindheim um 21 Ringe steigern. Daf\u00fcr ist besonders Christoph Schuster zu erw\u00e4hnen, der mit 322 Ringen eine gute Leistung abrufen konnte. Aber auch Johannes Mayer (312 Ringe) und Vorstand Stefan B\u00e4sche (330 Ringe) konnten eine Steigerung vorweisen. Um das Quartett zu erg\u00e4nzen, ging diesmal Petra Bacher an den Start, die durch ihre 314 Ringe das Mannschaftsergebnis auf 1278 Ringe hob. Gleichzeitig waren nat\u00fcrlich auch die G\u00e4ste aktiv. Mit 342 Ringen von Saur Andreas war die Spitzenleistung des Abends bei ihnen zu verbuchen. Auch S\u00fc\u00df Marcel war mit 332 Ringen gut dabei. Jedoch als Zengerle Georg (289 Ringe) und L\u00e4mmermaier Wolfgang (275 Ringe) ihren Wettkampf nicht ganz zufriedenstellend beendet hatten, durften sich die Schretzheimer \u00fcber den ersten Sieg mit 1278:1238 Ringen freuen.<\/span><\/p>\n","protected":false},"excerpt":{"rendered":"<p>Jubel! Zu Hause gegen Deisenhofen konnte unsere Truppe die Leistung gegen\u00fcber dem Auftakt-Match in Blindheim um 21 Ringe steigern. Daf\u00fcr ist besonders Christoph Schuster zu erw\u00e4hnen, der mit 322 Ringen eine gute Leistung abrufen konnte. Aber auch Johannes Mayer (312 Ringe) und Vorstand Stefan B\u00e4sche (330 Ringe) konnten eine Steigerung vorweisen. Um das Quartett zu&#8230;<\/p>\n","protected":false},"author":11,"featured_media":0,"comment_status":"open","ping_status":"open","sticky":false,"template":"","format":"standard","meta":{"footnotes":""},"categories":[1],"tags":[],"class_list":["post-9126","post","type-post","status-publish","format-standard","hentry","category-allgemein"],"_links":{"self":[{"href":"https:\/\/www.eintracht-schretzheim.de\/index.php?rest_route=\/wp\/v2\/posts\/9126","targetHints":{"allow":["GET"]}}],"collection":[{"href":"https:\/\/www.eintracht-schretzheim.de\/index.php?rest_route=\/wp\/v2\/posts"}],"about":[{"href":"https:\/\/www.eintracht-schretzheim.de\/index.php?rest_route=\/wp\/v2\/types\/post"}],"author":[{"embeddable":true,"href":"https:\/\/www.eintracht-schretzheim.de\/index.php?rest_route=\/wp\/v2\/users\/11"}],"replies":[{"embeddable":true,"href":"https:\/\/www.eintracht-schretzheim.de\/index.php?rest_route=%2Fwp%2Fv2%2Fcomments&post=9126"}],"version-history":[{"count":1,"href":"https:\/\/www.eintracht-schretzheim.de\/index.php?rest_route=\/wp\/v2\/posts\/9126\/revisions"}],"predecessor-version":[{"id":9127,"href":"https:\/\/www.eintracht-schretzheim.de\/index.php?rest_route=\/wp\/v2\/posts\/9126\/revisions\/9127"}],"wp:attachment":[{"href":"https:\/\/www.eintracht-schretzheim.de\/index.php?rest_route=%2Fwp%2Fv2%2Fmedia&parent=9126"}],"wp:term":[{"taxonomy":"category","embeddable":true,"href":"https:\/\/www.eintracht-schretzheim.de\/index.php?rest_route=%2Fwp%2Fv2%2Fcategories&post=9126"},{"taxonomy":"post_tag","embeddable":true,"href":"https:\/\/www.eintracht-schretzheim.de\/index.php?rest_route=%2Fwp%2Fv2%2Ftags&post=9126"}],"curies":[{"name":"wp","href":"https:\/\/api.w.org\/{rel}","templated":true}]}}