{"id":9103,"date":"2025-11-01T11:01:08","date_gmt":"2025-11-01T10:01:08","guid":{"rendered":"https:\/\/www.eintracht-schretzheim.de\/?p=9103"},"modified":"2025-11-01T11:03:36","modified_gmt":"2025-11-01T10:03:36","slug":"rwk-2026-lg1-runde-2","status":"publish","type":"post","link":"https:\/\/www.eintracht-schretzheim.de\/?p=9103","title":{"rendered":"RWK 2026 &#8211; LG1 &#8211; Runde 2"},"content":{"rendered":"<p><span style=\"text-decoration: underline; color: #800000;\"><strong><span style=\"font-family: 'trebuchet ms', geneva, sans-serif; font-size: 18pt;\">Die Stammbesetzung im Einsatz<\/span><\/strong><\/span><\/p>\n<p><span style=\"font-family: 'trebuchet ms', geneva, sans-serif;\">Beim Ausw\u00e4rtskampf in Buchdorf musste aufgrund der r\u00e4umlichen Aufteilung der Schie\u00dfst\u00e4nde in zwei Durchg\u00e4ngen geschossen werden. Dabei lehnte sich Mannschaftsf\u00fchrer Florian Miehlich mit vollstem Vertrauen in sein Team zur\u00fcck, um auch seinen Status als Ersatzsch\u00fctze noch etwas l\u00e4nger zu waren. Auf Position 4 durfte sich dann diesmal Lisa Schweizer zum ersten Mal zeigen. Mit einer herausragenden 98er Serie \u00fcberraschte sie sich selbst und machte damit die Aufregung zu ihrem pers\u00f6nlichen Auftakt nur noch schlimmer. So kam es leider, dass Lisa im letzten Schuss ihren Nerven unterlag und mit wahrlich starken 379:380 Ringen den Einzelpunkt Schlipf Lara \u00fcberlie\u00df. Gleichzeitig durften sich die Sch\u00fctzen von Paarung 2 messen. Hier \u00fcbernahm Rainer H\u00e4usler am Anfang sehr zielstrebig die F\u00fchrung und gab diese, auch wenn es Schlipf Markus hintenraus doch noch etwas eng gestaltete, nicht mehr her. Schlie\u00dflich ging dieser Einzelpunkt\u00a0 mit 379:376 Ringen an die Eintracht, wodurch f\u00fcr den zweiten Durchgang die beste Grundlage als spannender Krimi geschaffen war. Die Zwischenpause wurde von beiden Mannschaften dann genutzt, um tolle Bilder zu schie\u00dfen, bevor die Sch\u00fctzen aus den Paarungen 1, 5 und 3 den Adrenalin-Kick des &#8222;Start&#8220;-Kommandos sp\u00fcren durften. Letztere ging deutlich an die Gastgeber, denn Eder Annalena lieferte eine bemerkenswerte Leistung von 384 Ringen ab, wogegen Selin Wallner diesmal nicht mithalten konnte, aber sich nach Startproblemen doch auf 371 Ringe k\u00e4mpfen konnte. Daf\u00fcr machte Susanne Wurm, nachdem sie im Auftakt etwas strauchelte, keine Gefangenen. Mit tollen 384 Ringen behielt sie die F\u00fchrung gegen die aufstrebende Jungsch\u00fctzin Schwertberger Nicola (360 Ringe), sodass die endg\u00fcltige Entscheidung auf der Spitzenposition gefunden werden musste. Lea Endres und Frey Katrin einigten sich hierbei nach ein paar Zitterlichkeiten und spannenden 40 Wettkampfsch\u00fcssen mit sehenswerten 387:384 Ringen. Somit durfte Julian Miehlich, der als Fanclub und zur Unterst\u00fctzung mit eingepackt wurde, erneut zu einem 3:2-Erfolg aufmuntern.<\/span><\/p>\n<figure id=\"attachment_9104\" aria-describedby=\"caption-attachment-9104\" style=\"width: 644px\" class=\"wp-caption alignnone\"><a href=\"https:\/\/www.eintracht-schretzheim.de\/?attachment_id=9104\" rel=\"attachment wp-att-9104\"><img fetchpriority=\"high\" decoding=\"async\" class=\"wp-image-9104 size-large\" src=\"https:\/\/www.eintracht-schretzheim.de\/wp-content\/uploads\/2025\/11\/Mannschaft_neutral-e1761990945589-644x420.jpg\" alt=\"\" width=\"644\" height=\"420\" srcset=\"https:\/\/www.eintracht-schretzheim.de\/wp-content\/uploads\/2025\/11\/Mannschaft_neutral-e1761990945589-644x420.jpg 644w, https:\/\/www.eintracht-schretzheim.de\/wp-content\/uploads\/2025\/11\/Mannschaft_neutral-e1761990945589-300x195.jpg 300w, https:\/\/www.eintracht-schretzheim.de\/wp-content\/uploads\/2025\/11\/Mannschaft_neutral-e1761990945589-768x500.jpg 768w, https:\/\/www.eintracht-schretzheim.de\/wp-content\/uploads\/2025\/11\/Mannschaft_neutral-e1761990945589-1536x1001.jpg 1536w, https:\/\/www.eintracht-schretzheim.de\/wp-content\/uploads\/2025\/11\/Mannschaft_neutral-e1761990945589.jpg 1980w\" sizes=\"(max-width: 644px) 100vw, 644px\" \/><\/a><figcaption id=\"caption-attachment-9104\" class=\"wp-caption-text\">Von links: Selin Wallner &#8211; Lisa Schweizer &#8211; Florian Miehlich &#8211; Susanne Wurm &#8211; Rainer H\u00e4usler &#8211; Lea Endres (Foto eingefangen vom Fanclub)<\/figcaption><\/figure>\n","protected":false},"excerpt":{"rendered":"<p>Die Stammbesetzung im Einsatz Beim Ausw\u00e4rtskampf in Buchdorf musste aufgrund der r\u00e4umlichen Aufteilung der Schie\u00dfst\u00e4nde in zwei Durchg\u00e4ngen geschossen werden. Dabei lehnte sich Mannschaftsf\u00fchrer Florian Miehlich mit vollstem Vertrauen in sein Team zur\u00fcck, um auch seinen Status als Ersatzsch\u00fctze noch etwas l\u00e4nger zu waren. Auf Position 4 durfte sich dann diesmal Lisa Schweizer zum ersten&#8230;<\/p>\n","protected":false},"author":11,"featured_media":0,"comment_status":"open","ping_status":"open","sticky":false,"template":"","format":"standard","meta":{"footnotes":""},"categories":[1],"tags":[],"class_list":["post-9103","post","type-post","status-publish","format-standard","hentry","category-allgemein"],"_links":{"self":[{"href":"https:\/\/www.eintracht-schretzheim.de\/index.php?rest_route=\/wp\/v2\/posts\/9103","targetHints":{"allow":["GET"]}}],"collection":[{"href":"https:\/\/www.eintracht-schretzheim.de\/index.php?rest_route=\/wp\/v2\/posts"}],"about":[{"href":"https:\/\/www.eintracht-schretzheim.de\/index.php?rest_route=\/wp\/v2\/types\/post"}],"author":[{"embeddable":true,"href":"https:\/\/www.eintracht-schretzheim.de\/index.php?rest_route=\/wp\/v2\/users\/11"}],"replies":[{"embeddable":true,"href":"https:\/\/www.eintracht-schretzheim.de\/index.php?rest_route=%2Fwp%2Fv2%2Fcomments&post=9103"}],"version-history":[{"count":3,"href":"https:\/\/www.eintracht-schretzheim.de\/index.php?rest_route=\/wp\/v2\/posts\/9103\/revisions"}],"predecessor-version":[{"id":9107,"href":"https:\/\/www.eintracht-schretzheim.de\/index.php?rest_route=\/wp\/v2\/posts\/9103\/revisions\/9107"}],"wp:attachment":[{"href":"https:\/\/www.eintracht-schretzheim.de\/index.php?rest_route=%2Fwp%2Fv2%2Fmedia&parent=9103"}],"wp:term":[{"taxonomy":"category","embeddable":true,"href":"https:\/\/www.eintracht-schretzheim.de\/index.php?rest_route=%2Fwp%2Fv2%2Fcategories&post=9103"},{"taxonomy":"post_tag","embeddable":true,"href":"https:\/\/www.eintracht-schretzheim.de\/index.php?rest_route=%2Fwp%2Fv2%2Ftags&post=9103"}],"curies":[{"name":"wp","href":"https:\/\/api.w.org\/{rel}","templated":true}]}}