{"id":9067,"date":"2025-10-20T09:06:20","date_gmt":"2025-10-20T07:06:20","guid":{"rendered":"https:\/\/www.eintracht-schretzheim.de\/?p=9067"},"modified":"2025-10-20T09:06:20","modified_gmt":"2025-10-20T07:06:20","slug":"rwk-2026-auflage-lg2-runde-1","status":"publish","type":"post","link":"https:\/\/www.eintracht-schretzheim.de\/?p=9067","title":{"rendered":"RWK 2026 &#8211; Auflage LG2 &#8211; Runde 1"},"content":{"rendered":"<p><span style=\"text-decoration: underline; color: #800000;\"><strong><span style=\"font-family: 'trebuchet ms', geneva, sans-serif; font-size: 18pt;\">Spontaner Einsatz<\/span><\/strong><\/span><\/p>\n<p><span style=\"font-family: 'trebuchet ms', geneva, sans-serif;\">Ohne ihren Mannschaftsf\u00fchrer Lothar Massing, der krankheitsbedingt ausfiel, musste unser 2. Auflage Team nach Unterth\u00fcrheim reisen um ihren 1. Wettkampf zu absolvieren. Mit Anneliese B\u00e4sche fand sich dennoch ein ausgezeichneter Ersatz, welche jedoch so \u00fcberrascht von ihrem Einsatz war, dass sie die Fahrt nach Unterth\u00fcrheim ziemlich sprachlos verbrachte. Um die Nervosit\u00e4t zu \u00fcberdecken schoss sie dann ihre 3 Serien im Eilverfahren und ihre Taktik ging auf. Mit 303,8 Ringen, was ohne jegliche Vorbereitung ein sehr gutes Ergebnis war, verlie\u00df sie den Stand und konnte damit ihren Mannschaftsf\u00fchrer Lothar sehr gut vertreten. Reinhard B\u00e4sche (313,4 Ringen), welcher sich \u00fcber den tollen Einsatz seiner Frau sehr freute, sowie Heinz Ebert mit 311,4 Ringen sorgten dann f\u00fcr das gute Ergebnis mit 928,6 Ringen auf Schretzheimer Seite. Doch die Unterth\u00fcrheimer, die mit 5 Sch\u00fctzen in ihren Reihen antraten, sorgten mit guten Leistungen daf\u00fcr, das die Punkte bei der Heimmannschaft blieben. Beutmiller Gerda mit 314,4 Ringen legte ordentlich vor. Ihr folgten Streif Peter mit 309,1 Ringen und Doris Hafner mit 306,9 Ringen was zum Unterth\u00fcrheimer Sieg mit 930,4 Ringen f\u00fchrte. Mack Irmgard mit 309,4 Ringen und Beutmiller Franz mit 307,6 Ringen wurden blieben au\u00dfer Konkurrenz. Leider hatten die Schretzheimer in ihrem ersten Einsatz dieser Saison das Nachsehen und durften der Heimmannschaft zum Sieg gratulieren.<\/span><\/p>\n","protected":false},"excerpt":{"rendered":"<p>Spontaner Einsatz Ohne ihren Mannschaftsf\u00fchrer Lothar Massing, der krankheitsbedingt ausfiel, musste unser 2. Auflage Team nach Unterth\u00fcrheim reisen um ihren 1. Wettkampf zu absolvieren. Mit Anneliese B\u00e4sche fand sich dennoch ein ausgezeichneter Ersatz, welche jedoch so \u00fcberrascht von ihrem Einsatz war, dass sie die Fahrt nach Unterth\u00fcrheim ziemlich sprachlos verbrachte. Um die Nervosit\u00e4t zu \u00fcberdecken&#8230;<\/p>\n","protected":false},"author":11,"featured_media":0,"comment_status":"open","ping_status":"open","sticky":false,"template":"","format":"standard","meta":{"footnotes":""},"categories":[1],"tags":[],"class_list":["post-9067","post","type-post","status-publish","format-standard","hentry","category-allgemein"],"_links":{"self":[{"href":"https:\/\/www.eintracht-schretzheim.de\/index.php?rest_route=\/wp\/v2\/posts\/9067","targetHints":{"allow":["GET"]}}],"collection":[{"href":"https:\/\/www.eintracht-schretzheim.de\/index.php?rest_route=\/wp\/v2\/posts"}],"about":[{"href":"https:\/\/www.eintracht-schretzheim.de\/index.php?rest_route=\/wp\/v2\/types\/post"}],"author":[{"embeddable":true,"href":"https:\/\/www.eintracht-schretzheim.de\/index.php?rest_route=\/wp\/v2\/users\/11"}],"replies":[{"embeddable":true,"href":"https:\/\/www.eintracht-schretzheim.de\/index.php?rest_route=%2Fwp%2Fv2%2Fcomments&post=9067"}],"version-history":[{"count":1,"href":"https:\/\/www.eintracht-schretzheim.de\/index.php?rest_route=\/wp\/v2\/posts\/9067\/revisions"}],"predecessor-version":[{"id":9068,"href":"https:\/\/www.eintracht-schretzheim.de\/index.php?rest_route=\/wp\/v2\/posts\/9067\/revisions\/9068"}],"wp:attachment":[{"href":"https:\/\/www.eintracht-schretzheim.de\/index.php?rest_route=%2Fwp%2Fv2%2Fmedia&parent=9067"}],"wp:term":[{"taxonomy":"category","embeddable":true,"href":"https:\/\/www.eintracht-schretzheim.de\/index.php?rest_route=%2Fwp%2Fv2%2Fcategories&post=9067"},{"taxonomy":"post_tag","embeddable":true,"href":"https:\/\/www.eintracht-schretzheim.de\/index.php?rest_route=%2Fwp%2Fv2%2Ftags&post=9067"}],"curies":[{"name":"wp","href":"https:\/\/api.w.org\/{rel}","templated":true}]}}