{"id":9059,"date":"2025-10-22T12:18:11","date_gmt":"2025-10-22T10:18:11","guid":{"rendered":"https:\/\/www.eintracht-schretzheim.de\/?p=9059"},"modified":"2025-10-27T09:28:33","modified_gmt":"2025-10-27T08:28:33","slug":"rwk-2026-lg1-runde-1","status":"publish","type":"post","link":"https:\/\/www.eintracht-schretzheim.de\/?p=9059","title":{"rendered":"RWK 2026 &#8211; LG1 &#8211; Runde 1"},"content":{"rendered":"<p><span style=\"text-decoration: underline; color: #800000;\"><strong><span style=\"font-family: 'trebuchet ms', geneva, sans-serif; font-size: 18pt;\">Zum ersten Mal mit 5er-Kette<\/span><\/strong><\/span><\/p>\n<p><span style=\"font-family: 'trebuchet ms', geneva, sans-serif;\">Die erste Begegnung f\u00fcr unsere frisch aufgestiegene LG1 stand nun an. Da ab dieser Liga (Bezirksoberliga, Gruppe 4) nun 5 statt nur 4 Sch\u00fctzen an den Start gehen m\u00fcssen, freute sich Mannschaftsf\u00fchrer Florian Miehlich, dass w\u00e4hrend der Sommerpause erstklassige Unterst\u00fctzung dem Verein beitrat. So war der Abgang von Jannik Anzenhofer als Mannschaftssch\u00fctze nicht ganz so tragisch. Sein Traum war es in die Bundesliga zu kommen. So hat er sich f\u00fcr die &#8222;Gem\u00fctlichkeit Mertingen&#8220; entschieden und dort w\u00fcnschen wir ihm viel Erfolg auf seinem weiteren Weg!<\/span><\/p>\n<p><span style=\"font-family: 'trebuchet ms', geneva, sans-serif;\"><img fetchpriority=\"high\" decoding=\"async\" class=\"aligncenter wp-image-9065 size-large\" src=\"https:\/\/www.eintracht-schretzheim.de\/wp-content\/uploads\/2025\/10\/LG1_Runde1-e1760862871262-644x456.jpg\" alt=\"\" width=\"644\" height=\"456\" srcset=\"https:\/\/www.eintracht-schretzheim.de\/wp-content\/uploads\/2025\/10\/LG1_Runde1-e1760862871262-644x456.jpg 644w, https:\/\/www.eintracht-schretzheim.de\/wp-content\/uploads\/2025\/10\/LG1_Runde1-e1760862871262-300x213.jpg 300w, https:\/\/www.eintracht-schretzheim.de\/wp-content\/uploads\/2025\/10\/LG1_Runde1-e1760862871262-768x544.jpg 768w, https:\/\/www.eintracht-schretzheim.de\/wp-content\/uploads\/2025\/10\/LG1_Runde1-e1760862871262.jpg 1080w\" sizes=\"(max-width: 644px) 100vw, 644px\" \/>Die G\u00e4ste f\u00fcr den Auftakt reisten aus Offingen an und brachten gleich noch einen Betreuer mit, was aus den bisherigen Klassen eher unbekannt war. W\u00e4hrend der Vorbereitungszeit hatte ein Jeder sp\u00fcrbar mit der Aufregung zu k\u00e4mpfen, was zum Kommando &#8222;Wettkampf START&#8220; auch noch zunahm. So fand\u00a0 Mail\u00e4nder Stefan trotz guten 370 Ringe auf Position 3 erst etwas sp\u00e4t in seine Form, was\u00a0 Selin Wallner (ehemals Herg\u00f6th) sofort bestrafte. Mit konstant geschossenen 375 Ringen sicherte sie den ersten Einzelpunkt f\u00fcr Schretzheim. Auch Florian Miehlich strauchelte ein Wenig und als dann auch noch 8er fielen, begann er leicht schimpfend etwas zu gestikulieren. Gereizt dadurch und in Angst um seine Jungsch\u00fctzin meinte der Offinger Betreuer durch eine etwas unsportliche Art der Beschwerde aktiv Eingriff in den Wettkampfverlauf zu nehmen. Florian Miehlich erk\u00e4mpfte sich zwar daraufhin noch starke 379 Ringe aber schlie\u00dflich musste er den Sieg auf Position 1 an die aufstrebende Schedel Emma (381 Ringe) abgeben.<\/span><span style=\"font-family: 'trebuchet ms', geneva, sans-serif;\"> Auch auf Position 5 haderten die beiden Sch\u00fctzinnen dank der Aufregung. Doch Brezger Lucie gab pl\u00f6tzlich Gas und erreichte bemerkenswerte 378 Ringe, w\u00e4hrend Susanne Wurm (369 Ringe) mit ihrer Leistung zum Auftakt-Match etwas ungl\u00fccklich war. Aber sobald die Nervosit\u00e4t wieder gewohnte Sache ist, werden wir von ihr bestimmt wieder tolle Ergebnisse verk\u00fcnden d\u00fcrfen! Die neu dazugesto\u00dfene Lea Endres lie\u00df sich von Pf\u00e4ffle Armin (381 Ringe), der in Paarung 2 auf flotte Weise ein starkes Ergebnis vorlegte, dennoch nicht einsch\u00fcchtern und zimmerte wirklich spitzenm\u00e4\u00dfige 390 Ringe in die Wertung. Nun hing es nur noch an Paarung 4. G\u00f6hler Philip Corleone schoss sich zwar wahrlich konstant auf 376 Ringe, aber Rainer H\u00e4usler, der in der letzten Saison nicht ganz auf seine erw\u00fcnschten Drehzahlen kam, lie\u00df hier mit starken 385 Ringen von Anfang an keine Zweifel aufkommen. Somit gab es einen tollen 3:2 [Einzelpunkte; 1898:1886 Ringe] Erfolg und die ersten Tabellenpunkte f\u00fcr die Eintracht! Doch bevor Julian Miehlich als Leiter des LG1-Fanclubs die Zeit zu Feiern er\u00f6ffnete, musste er als neutraler Kampfrichter noch deutlich werden, was die Fairness w\u00e4hrend dem Wettkampf betraf. Hierbei muss der Betreuer aus Offingen wohl noch ein bisschen Erfahrung sammeln. Doch die Gastmannschaft hat auch ohne ihn schon gro\u00dfes Potential um in der Bezirksoberliga vorne mitzumischen und das eigentliche Ziel des Aufstiegs unserer LG1 gef\u00e4hrden. Deshalb k\u00f6nnen wir uns wirklich freuen, den ersten Sieg eingefahren zu haben.<\/span><\/p>\n","protected":false},"excerpt":{"rendered":"<p>Zum ersten Mal mit 5er-Kette Die erste Begegnung f\u00fcr unsere frisch aufgestiegene LG1 stand nun an. Da ab dieser Liga (Bezirksoberliga, Gruppe 4) nun 5 statt nur 4 Sch\u00fctzen an den Start gehen m\u00fcssen, freute sich Mannschaftsf\u00fchrer Florian Miehlich, dass w\u00e4hrend der Sommerpause erstklassige Unterst\u00fctzung dem Verein beitrat. So war der Abgang von Jannik Anzenhofer&#8230;<\/p>\n","protected":false},"author":11,"featured_media":0,"comment_status":"open","ping_status":"open","sticky":false,"template":"","format":"standard","meta":{"footnotes":""},"categories":[1],"tags":[],"class_list":["post-9059","post","type-post","status-publish","format-standard","hentry","category-allgemein"],"_links":{"self":[{"href":"https:\/\/www.eintracht-schretzheim.de\/index.php?rest_route=\/wp\/v2\/posts\/9059","targetHints":{"allow":["GET"]}}],"collection":[{"href":"https:\/\/www.eintracht-schretzheim.de\/index.php?rest_route=\/wp\/v2\/posts"}],"about":[{"href":"https:\/\/www.eintracht-schretzheim.de\/index.php?rest_route=\/wp\/v2\/types\/post"}],"author":[{"embeddable":true,"href":"https:\/\/www.eintracht-schretzheim.de\/index.php?rest_route=\/wp\/v2\/users\/11"}],"replies":[{"embeddable":true,"href":"https:\/\/www.eintracht-schretzheim.de\/index.php?rest_route=%2Fwp%2Fv2%2Fcomments&post=9059"}],"version-history":[{"count":9,"href":"https:\/\/www.eintracht-schretzheim.de\/index.php?rest_route=\/wp\/v2\/posts\/9059\/revisions"}],"predecessor-version":[{"id":9078,"href":"https:\/\/www.eintracht-schretzheim.de\/index.php?rest_route=\/wp\/v2\/posts\/9059\/revisions\/9078"}],"wp:attachment":[{"href":"https:\/\/www.eintracht-schretzheim.de\/index.php?rest_route=%2Fwp%2Fv2%2Fmedia&parent=9059"}],"wp:term":[{"taxonomy":"category","embeddable":true,"href":"https:\/\/www.eintracht-schretzheim.de\/index.php?rest_route=%2Fwp%2Fv2%2Fcategories&post=9059"},{"taxonomy":"post_tag","embeddable":true,"href":"https:\/\/www.eintracht-schretzheim.de\/index.php?rest_route=%2Fwp%2Fv2%2Ftags&post=9059"}],"curies":[{"name":"wp","href":"https:\/\/api.w.org\/{rel}","templated":true}]}}