{"id":8947,"date":"2025-10-05T14:47:54","date_gmt":"2025-10-05T12:47:54","guid":{"rendered":"https:\/\/www.eintracht-schretzheim.de\/?p=8947"},"modified":"2025-10-05T14:54:16","modified_gmt":"2025-10-05T12:54:16","slug":"generationenmatch-2025","status":"publish","type":"post","link":"https:\/\/www.eintracht-schretzheim.de\/?p=8947","title":{"rendered":"Generationenmatch 2025"},"content":{"rendered":"<p><span style=\"text-decoration: underline; color: #800000;\"><strong><span style=\"font-family: 'trebuchet ms', geneva, sans-serif; font-size: 18pt;\">Spa\u00df f\u00fcr jung und alt!<\/span><\/strong><\/span><\/p>\n<p><span style=\"font-family: 'trebuchet ms', geneva, sans-serif;\">Auch in diesem Jahr beteiligten sich die Schretzheimer wieder am Generationenmatch, welches von den leitenden Damen des BSSB ins Leben gerufen wurde. Organisiert durch Florian Miehlich ging man diesmal gleich mit 6 Mannschaften ins Rennen. F\u00fcr eine Mannschaft ben\u00f6tigt es einen Jungsch\u00fctzen, einen aus der Sch\u00fctzenklasse (frei schie\u00dfend) und einen aus der Seniorenklasse (Auflagesch\u00fctze). Um die Teilnahme zu erleichtern, ist es nicht notwendig, dass das Trio aus dem selben Verein stammt. Nur so war es m\u00f6glich, die 6 Mannschaften f\u00fcr Schretzheim antreten zu lassen, denn wir bekamen Unterst\u00fctzung aus H\u00f6chst\u00e4dt, Schwennenbach und Sontheim. Ein gro\u00dfes herzliches Dankesch\u00f6n an alle Betroffenen!<\/span><\/p>\n<p><span style=\"font-family: 'trebuchet ms', geneva, sans-serif;\"><a href=\"https:\/\/www.eintracht-schretzheim.de\/?attachment_id=8948\" rel=\"attachment wp-att-8948\"><img fetchpriority=\"high\" decoding=\"async\" class=\"alignnone wp-image-8948 size-large\" src=\"https:\/\/www.eintracht-schretzheim.de\/wp-content\/uploads\/2025\/10\/GenMatch25-644x362.jpg\" alt=\"\" width=\"644\" height=\"362\" srcset=\"https:\/\/www.eintracht-schretzheim.de\/wp-content\/uploads\/2025\/10\/GenMatch25-644x362.jpg 644w, https:\/\/www.eintracht-schretzheim.de\/wp-content\/uploads\/2025\/10\/GenMatch25-300x169.jpg 300w, https:\/\/www.eintracht-schretzheim.de\/wp-content\/uploads\/2025\/10\/GenMatch25-768x432.jpg 768w, https:\/\/www.eintracht-schretzheim.de\/wp-content\/uploads\/2025\/10\/GenMatch25.jpg 1280w\" sizes=\"(max-width: 644px) 100vw, 644px\" \/><\/a><\/span><\/p>\n<p><span style=\"font-family: 'trebuchet ms', geneva, sans-serif;\">Damit die Auswertung zwischen allen Sch\u00fctzen &#8211; unabh\u00e4ngig von deren Disziplin &#8211; gerecht passieren kann, werden die Vollen Ringzahlen und die Zehntelwertungen eines jeden Schusses zusammengerechnet; so gibt eine 10,1 (10 + 1) wie eine 5,6 (5+6) in Summe 11 Punkte f\u00fcr die Auswertung.<\/span><\/p>\n<p><span style=\"font-family: 'trebuchet ms', geneva, sans-serif;\"> Auch wenn das Schie\u00dfen &#8211; zumindest f\u00fcr die Gro\u00dfen &#8211; eher als Training galt, hatte doch jeder seinen Spa\u00df daran, die Olympia-Schie\u00dfanlage in M\u00fcnchen-Hochbr\u00fcck zu besichtigen. Um die langen Wartezeiten zu \u00fcberbr\u00fccken, gab es vor Ort eine super organisierte Versorgung mit Kaffee &amp; Kuchen oder Wurstsemmel bzw. Wiener. Somit war auch f\u00fcr das leibliche Wohl gesorgt, bis es dann letztlich zur Siegerehrung kam. Diesmal bekam man zwar nur f\u00fcr Platz 10 und Platz 23 einen Preis, aber dies st\u00f6rte niemanden, denn das Warten hatte nun ein Ende, worauf sich alle verbliebenen freuten.<\/span><\/p>\n<p><span style=\"font-family: 'trebuchet ms', geneva, sans-serif;\"> <a href=\"https:\/\/www.eintracht-schretzheim.de\/?attachment_id=8949\" rel=\"attachment wp-att-8949\"><img decoding=\"async\" class=\"alignnone wp-image-8949 size-large\" src=\"https:\/\/www.eintracht-schretzheim.de\/wp-content\/uploads\/2025\/10\/WhatsApp-Bild-2025-10-04-um-21.50.42_19807aaa-e1759668229921-644x409.jpg\" alt=\"\" width=\"644\" height=\"409\" srcset=\"https:\/\/www.eintracht-schretzheim.de\/wp-content\/uploads\/2025\/10\/WhatsApp-Bild-2025-10-04-um-21.50.42_19807aaa-e1759668229921-644x409.jpg 644w, https:\/\/www.eintracht-schretzheim.de\/wp-content\/uploads\/2025\/10\/WhatsApp-Bild-2025-10-04-um-21.50.42_19807aaa-e1759668229921-300x190.jpg 300w, https:\/\/www.eintracht-schretzheim.de\/wp-content\/uploads\/2025\/10\/WhatsApp-Bild-2025-10-04-um-21.50.42_19807aaa-e1759668229921-768x487.jpg 768w, https:\/\/www.eintracht-schretzheim.de\/wp-content\/uploads\/2025\/10\/WhatsApp-Bild-2025-10-04-um-21.50.42_19807aaa-e1759668229921.jpg 1500w\" sizes=\"(max-width: 644px) 100vw, 644px\" \/><\/a><\/span><\/p>\n<p>&nbsp;<\/p>\n","protected":false},"excerpt":{"rendered":"<p>Spa\u00df f\u00fcr jung und alt! Auch in diesem Jahr beteiligten sich die Schretzheimer wieder am Generationenmatch, welches von den leitenden Damen des BSSB ins Leben gerufen wurde. Organisiert durch Florian Miehlich ging man diesmal gleich mit 6 Mannschaften ins Rennen. F\u00fcr eine Mannschaft ben\u00f6tigt es einen Jungsch\u00fctzen, einen aus der Sch\u00fctzenklasse (frei schie\u00dfend) und einen&#8230;<\/p>\n","protected":false},"author":11,"featured_media":0,"comment_status":"open","ping_status":"open","sticky":false,"template":"","format":"standard","meta":{"footnotes":""},"categories":[1],"tags":[],"class_list":["post-8947","post","type-post","status-publish","format-standard","hentry","category-allgemein"],"_links":{"self":[{"href":"https:\/\/www.eintracht-schretzheim.de\/index.php?rest_route=\/wp\/v2\/posts\/8947","targetHints":{"allow":["GET"]}}],"collection":[{"href":"https:\/\/www.eintracht-schretzheim.de\/index.php?rest_route=\/wp\/v2\/posts"}],"about":[{"href":"https:\/\/www.eintracht-schretzheim.de\/index.php?rest_route=\/wp\/v2\/types\/post"}],"author":[{"embeddable":true,"href":"https:\/\/www.eintracht-schretzheim.de\/index.php?rest_route=\/wp\/v2\/users\/11"}],"replies":[{"embeddable":true,"href":"https:\/\/www.eintracht-schretzheim.de\/index.php?rest_route=%2Fwp%2Fv2%2Fcomments&post=8947"}],"version-history":[{"count":4,"href":"https:\/\/www.eintracht-schretzheim.de\/index.php?rest_route=\/wp\/v2\/posts\/8947\/revisions"}],"predecessor-version":[{"id":8953,"href":"https:\/\/www.eintracht-schretzheim.de\/index.php?rest_route=\/wp\/v2\/posts\/8947\/revisions\/8953"}],"wp:attachment":[{"href":"https:\/\/www.eintracht-schretzheim.de\/index.php?rest_route=%2Fwp%2Fv2%2Fmedia&parent=8947"}],"wp:term":[{"taxonomy":"category","embeddable":true,"href":"https:\/\/www.eintracht-schretzheim.de\/index.php?rest_route=%2Fwp%2Fv2%2Fcategories&post=8947"},{"taxonomy":"post_tag","embeddable":true,"href":"https:\/\/www.eintracht-schretzheim.de\/index.php?rest_route=%2Fwp%2Fv2%2Ftags&post=8947"}],"curies":[{"name":"wp","href":"https:\/\/api.w.org\/{rel}","templated":true}]}}