{"id":8920,"date":"2025-10-01T13:39:21","date_gmt":"2025-10-01T11:39:21","guid":{"rendered":"https:\/\/www.eintracht-schretzheim.de\/?p=8920"},"modified":"2025-10-01T14:44:51","modified_gmt":"2025-10-01T12:44:51","slug":"gaupokal-finale-2025","status":"publish","type":"post","link":"https:\/\/www.eintracht-schretzheim.de\/?p=8920","title":{"rendered":"Gaupokal Finale 2025"},"content":{"rendered":"<p><span style=\"text-decoration: underline; font-family: 'trebuchet ms', geneva, sans-serif; font-size: 18pt; color: #800000;\"><strong>Da ist das Ding!<\/strong><\/span><\/p>\n<p><span style=\"font-family: 'trebuchet ms', geneva, sans-serif;\">Am 28. September war es endlich soweit! Die Schretzheimer konnten nach all den Jahren &#8222;erfolgloser Teilnahme&#8220; sich zum Finale des Gaupokals qualifizieren. Um dorthin zu kommen, m\u00fcssen unter allen teilnehmenden Vereinen im Donau-Brenz-Egau-Sportsch\u00fctzengaus drei Runden \u00fcberstanden werden. Dabei werden die Kontrahenten, die in jeder Runde aufeinander treffen, von den leitenden Pers\u00f6nlichkeiten des Gaus ausgelost, bis schlie\u00dflich noch 4 Vereine \u00fcbrig bleiben. In die Wertung kommen die 8 Sch\u00fctzen (darunter maximal 2 Auflage-Sch\u00fctzen), welche mit 20 Schuss eine m\u00f6glichst hohe Ringzahl erreichen und gleichzeitig einen sehr zentralen Treffer &#8211; in Fachkreisen als Blattl bezeichnet, was als Teiler gemessen wird &#8211; landen. Ein einzelner Sch\u00fctze kann bestenfalls 400 Punkte erreichen, wobei seit diesem Jahr umgekehrt gerechnet wird und somit die Punktezahl aussagt, was die Sch\u00fctzen liegen gelassen haben. Die besten Sch\u00fctzen aus den drei Vorrunden k\u00f6nnen sich zus\u00e4tzlich auch noch f\u00fcr ein Einzelfinale qualifizieren.<\/span><\/p>\n<p><span style=\"font-family: 'trebuchet ms', geneva, sans-serif;\">Den 4. Platz holte sich der Sch\u00fctzenverein Holzheim, dessen Wertungssch\u00fctzen gemeinsam 602,3 Punkte unber\u00fchrt lie\u00dfen. Die Sch\u00fctzen aus Bachhagel konnten sich mit 422,4 Punkten das Bronze-Treppchen sichern. Platz 2 ging dann an den Sch\u00fctzenverein Medlingen mit 355,0 Punkten. Und wie es der Titel wohl schon verraten hat, standen die Schretzheimer bei erstmaliger Finalqualifikation gleich als Sieger da!<\/span><\/p>\n<p><span style=\"font-family: 'trebuchet ms', geneva, sans-serif;\"><a href=\"https:\/\/www.eintracht-schretzheim.de\/?attachment_id=8923\" rel=\"attachment wp-att-8923\"><img fetchpriority=\"high\" decoding=\"async\" class=\"size-large wp-image-8923 alignnone\" src=\"https:\/\/www.eintracht-schretzheim.de\/wp-content\/uploads\/2025\/10\/WhatsApp-Bild-2025-09-28-um-18.26.17_bc8b73d9-e1759319815498-644x392.jpg\" alt=\"\" width=\"644\" height=\"392\" srcset=\"https:\/\/www.eintracht-schretzheim.de\/wp-content\/uploads\/2025\/10\/WhatsApp-Bild-2025-09-28-um-18.26.17_bc8b73d9-e1759319815498-644x392.jpg 644w, https:\/\/www.eintracht-schretzheim.de\/wp-content\/uploads\/2025\/10\/WhatsApp-Bild-2025-09-28-um-18.26.17_bc8b73d9-e1759319815498-300x182.jpg 300w, https:\/\/www.eintracht-schretzheim.de\/wp-content\/uploads\/2025\/10\/WhatsApp-Bild-2025-09-28-um-18.26.17_bc8b73d9-e1759319815498-768x467.jpg 768w, https:\/\/www.eintracht-schretzheim.de\/wp-content\/uploads\/2025\/10\/WhatsApp-Bild-2025-09-28-um-18.26.17_bc8b73d9-e1759319815498-1536x934.jpg 1536w, https:\/\/www.eintracht-schretzheim.de\/wp-content\/uploads\/2025\/10\/WhatsApp-Bild-2025-09-28-um-18.26.17_bc8b73d9-e1759319815498.jpg 1600w\" sizes=\"(max-width: 644px) 100vw, 644px\" \/><\/a><\/span><\/p>\n<p><span style=\"font-family: 'trebuchet ms', geneva, sans-serif;\">In den Einzelfinals waren auch Sch\u00fctzen von uns vertreten. So konnte unter 10 freistehenden Gewehrsch\u00fctzen Rainer H\u00e4usler direkt hinter Hitzler Martin und Wagner Robin den 3. Platz erreichen! Unter den 5 qualifizierten Senioren (Luftgewehr mit Auflage) hatten wir sogar zwei Schretzheimer. Allerdings reichte es bei Reinhard B\u00e4sche &#8222;nur&#8220; f\u00fcr Platz 4 und bei Walter Brandmeier f\u00fcr Platz 3. Und schlie\u00dflich hatten wir auch 2 Sch\u00fctzen unter den Pistoleros. Doch leider musste sich Hermann Schuster trotz der besten Ringzahl mit Platz 5 zufrieden geben, da er ohne Blattl verblieb. Christan B\u00e4sche hingegen hatte mehr Gl\u00fcck f\u00fcr den &#8222;goldenen Schuss&#8220; und schaffte es, dass nur Mayerle Michael mit einem noch besseren Blattl vor ihm landete; also Platz 2!<\/span><\/p>\n<p>&nbsp;<\/p>\n","protected":false},"excerpt":{"rendered":"<p>Da ist das Ding! Am 28. September war es endlich soweit! Die Schretzheimer konnten nach all den Jahren &#8222;erfolgloser Teilnahme&#8220; sich zum Finale des Gaupokals qualifizieren. Um dorthin zu kommen, m\u00fcssen unter allen teilnehmenden Vereinen im Donau-Brenz-Egau-Sportsch\u00fctzengaus drei Runden \u00fcberstanden werden. Dabei werden die Kontrahenten, die in jeder Runde aufeinander treffen, von den leitenden Pers\u00f6nlichkeiten&#8230;<\/p>\n","protected":false},"author":11,"featured_media":0,"comment_status":"open","ping_status":"open","sticky":false,"template":"","format":"standard","meta":{"footnotes":""},"categories":[1],"tags":[],"class_list":["post-8920","post","type-post","status-publish","format-standard","hentry","category-allgemein"],"_links":{"self":[{"href":"https:\/\/www.eintracht-schretzheim.de\/index.php?rest_route=\/wp\/v2\/posts\/8920","targetHints":{"allow":["GET"]}}],"collection":[{"href":"https:\/\/www.eintracht-schretzheim.de\/index.php?rest_route=\/wp\/v2\/posts"}],"about":[{"href":"https:\/\/www.eintracht-schretzheim.de\/index.php?rest_route=\/wp\/v2\/types\/post"}],"author":[{"embeddable":true,"href":"https:\/\/www.eintracht-schretzheim.de\/index.php?rest_route=\/wp\/v2\/users\/11"}],"replies":[{"embeddable":true,"href":"https:\/\/www.eintracht-schretzheim.de\/index.php?rest_route=%2Fwp%2Fv2%2Fcomments&post=8920"}],"version-history":[{"count":5,"href":"https:\/\/www.eintracht-schretzheim.de\/index.php?rest_route=\/wp\/v2\/posts\/8920\/revisions"}],"predecessor-version":[{"id":8936,"href":"https:\/\/www.eintracht-schretzheim.de\/index.php?rest_route=\/wp\/v2\/posts\/8920\/revisions\/8936"}],"wp:attachment":[{"href":"https:\/\/www.eintracht-schretzheim.de\/index.php?rest_route=%2Fwp%2Fv2%2Fmedia&parent=8920"}],"wp:term":[{"taxonomy":"category","embeddable":true,"href":"https:\/\/www.eintracht-schretzheim.de\/index.php?rest_route=%2Fwp%2Fv2%2Fcategories&post=8920"},{"taxonomy":"post_tag","embeddable":true,"href":"https:\/\/www.eintracht-schretzheim.de\/index.php?rest_route=%2Fwp%2Fv2%2Ftags&post=8920"}],"curies":[{"name":"wp","href":"https:\/\/api.w.org\/{rel}","templated":true}]}}