{"id":8911,"date":"2025-09-25T08:40:14","date_gmt":"2025-09-25T06:40:14","guid":{"rendered":"https:\/\/www.eintracht-schretzheim.de\/?p=8911"},"modified":"2025-09-25T10:48:57","modified_gmt":"2025-09-25T08:48:57","slug":"rwk-2026-auflage-lg1-das-grosse-aufwaermen","status":"publish","type":"post","link":"https:\/\/www.eintracht-schretzheim.de\/?p=8911","title":{"rendered":"RWK 2026 &#8211; Auflage LG1 &#8211; Das gro\u00dfe Aufw\u00e4rmen"},"content":{"rendered":"<p><span style=\"font-family: 'trebuchet ms', geneva, sans-serif; font-size: 18pt;\"><span style=\"text-decoration: underline; color: #800000;\"><strong>Zu Gast in H\u00f6chst\u00e4dt<\/strong><\/span><\/span><\/p>\n<p><span style=\"font-family: 'trebuchet ms', geneva, sans-serif;\">Um sich f\u00fcr die kommende Runden Wettkampf Saison vorzubereiten, trafen sich die Schretzheimer Auflage-Sch\u00fctzen beider Mannschaften zu einem sportlichen Vergleichskampf mit den H\u00f6chst\u00e4dtern. Da insgesamt 11 Sch\u00fctzen am Start waren einigte man sich darauf das jeweils die besten 3 der beiden Vereine gewertet werden. Und die H\u00f6chst\u00e4dter, die dieses Jahr mit ihrer ganz frisch gegr\u00fcndeten Mannschaft in der A-Klasse 2 des Donau-Brenz-Egau-Sportsch\u00fctzengaus starten, bewiesen gleich mal ihr K\u00f6nnen.<br \/>\nAlbert Herg\u00f6th war der Beste auf H\u00f6chst\u00e4dter Seite mit 316,9 Ringen, gefolgt von Pia Sch\u00f6dl mit 312,7 Ringen und Diana Herg\u00f6th mit 311,2 Ringen was ein Gesamtergebnis von hervorragenden 940,8 Ringen einbrachte.<br \/>\nNicht in der Wertung waren Dieter Tiefenbacher (296,2 Ringe) und Robert Maurer mit 292,6 Ringen.<\/span><\/p>\n<p><span style=\"font-family: 'trebuchet ms', geneva, sans-serif;\">Auf Schretzheimer Seite haderte Walter Brandmeier mit der Funktion seines Schie\u00dfstandes. Er durfte an einen anderen Stand wechseln und zeigte dort seine Leistung mit hervorragenden 318,8 Ringen. Hinter ihm reihte sich Raimund Weichenmeier mit 313,6 Ringen ein, dicht gefolgt von Georg Weger mit 313,0 Ringen . Somit kam die Mannschaft auf 945,4 Ringe, was den Sieg bedeutete.<\/span><br \/>\n<span style=\"font-family: 'trebuchet ms', geneva, sans-serif;\">Au\u00dferhalb der Wertung waren Heinz Ebert (311,9 Ringe), Reinhard B\u00e4sche mit 311,8 Ringen und Lothar Massing mit 305,4 Ringen.<\/span><br \/>\n<span style=\"font-family: 'trebuchet ms', geneva, sans-serif;\">Beim gem\u00fctlichen Zusammensein anschlie\u00dfend wurde bereits ein Termin f\u00fcr den R\u00fcckkampf festgelegt, der am Montag den 13. Oktober ab 19 Uhr in Schretzheim stattfindet.<\/span><\/p>\n<p><span style=\"font-family: 'trebuchet ms', geneva, sans-serif; font-size: 18pt;\"><span style=\"text-decoration: underline; color: #800000;\"><strong><a href=\"https:\/\/www.eintracht-schretzheim.de\/?attachment_id=8915\" rel=\"attachment wp-att-8915\"><img fetchpriority=\"high\" decoding=\"async\" class=\"wp-image-8915 alignnone\" src=\"https:\/\/www.eintracht-schretzheim.de\/wp-content\/uploads\/2025\/09\/Hoechstaedt25.09-e1758787292669-300x298.jpg\" alt=\"\" width=\"500\" height=\"497\" srcset=\"https:\/\/www.eintracht-schretzheim.de\/wp-content\/uploads\/2025\/09\/Hoechstaedt25.09-e1758787292669-300x298.jpg 300w, https:\/\/www.eintracht-schretzheim.de\/wp-content\/uploads\/2025\/09\/Hoechstaedt25.09-e1758787292669-644x640.jpg 644w, https:\/\/www.eintracht-schretzheim.de\/wp-content\/uploads\/2025\/09\/Hoechstaedt25.09-e1758787292669-150x150.jpg 150w, https:\/\/www.eintracht-schretzheim.de\/wp-content\/uploads\/2025\/09\/Hoechstaedt25.09-e1758787292669-768x763.jpg 768w, https:\/\/www.eintracht-schretzheim.de\/wp-content\/uploads\/2025\/09\/Hoechstaedt25.09-e1758787292669.jpg 1200w\" sizes=\"(max-width: 500px) 100vw, 500px\" \/><\/a><\/strong><\/span><\/span><\/p>\n","protected":false},"excerpt":{"rendered":"<p>Zu Gast in H\u00f6chst\u00e4dt Um sich f\u00fcr die kommende Runden Wettkampf Saison vorzubereiten, trafen sich die Schretzheimer Auflage-Sch\u00fctzen beider Mannschaften zu einem sportlichen Vergleichskampf mit den H\u00f6chst\u00e4dtern. Da insgesamt 11 Sch\u00fctzen am Start waren einigte man sich darauf das jeweils die besten 3 der beiden Vereine gewertet werden. Und die H\u00f6chst\u00e4dter, die dieses Jahr mit&#8230;<\/p>\n","protected":false},"author":11,"featured_media":0,"comment_status":"open","ping_status":"open","sticky":false,"template":"","format":"standard","meta":{"footnotes":""},"categories":[1],"tags":[],"class_list":["post-8911","post","type-post","status-publish","format-standard","hentry","category-allgemein"],"_links":{"self":[{"href":"https:\/\/www.eintracht-schretzheim.de\/index.php?rest_route=\/wp\/v2\/posts\/8911","targetHints":{"allow":["GET"]}}],"collection":[{"href":"https:\/\/www.eintracht-schretzheim.de\/index.php?rest_route=\/wp\/v2\/posts"}],"about":[{"href":"https:\/\/www.eintracht-schretzheim.de\/index.php?rest_route=\/wp\/v2\/types\/post"}],"author":[{"embeddable":true,"href":"https:\/\/www.eintracht-schretzheim.de\/index.php?rest_route=\/wp\/v2\/users\/11"}],"replies":[{"embeddable":true,"href":"https:\/\/www.eintracht-schretzheim.de\/index.php?rest_route=%2Fwp%2Fv2%2Fcomments&post=8911"}],"version-history":[{"count":6,"href":"https:\/\/www.eintracht-schretzheim.de\/index.php?rest_route=\/wp\/v2\/posts\/8911\/revisions"}],"predecessor-version":[{"id":8918,"href":"https:\/\/www.eintracht-schretzheim.de\/index.php?rest_route=\/wp\/v2\/posts\/8911\/revisions\/8918"}],"wp:attachment":[{"href":"https:\/\/www.eintracht-schretzheim.de\/index.php?rest_route=%2Fwp%2Fv2%2Fmedia&parent=8911"}],"wp:term":[{"taxonomy":"category","embeddable":true,"href":"https:\/\/www.eintracht-schretzheim.de\/index.php?rest_route=%2Fwp%2Fv2%2Fcategories&post=8911"},{"taxonomy":"post_tag","embeddable":true,"href":"https:\/\/www.eintracht-schretzheim.de\/index.php?rest_route=%2Fwp%2Fv2%2Ftags&post=8911"}],"curies":[{"name":"wp","href":"https:\/\/api.w.org\/{rel}","templated":true}]}}