{"id":8885,"date":"2025-04-18T10:16:42","date_gmt":"2025-04-18T08:16:42","guid":{"rendered":"https:\/\/www.eintracht-schretzheim.de\/?p=8885"},"modified":"2025-04-18T10:19:07","modified_gmt":"2025-04-18T08:19:07","slug":"ostereierschiessen-2025","status":"publish","type":"post","link":"https:\/\/www.eintracht-schretzheim.de\/?p=8885","title":{"rendered":"Ostereierschie\u00dfen 2025"},"content":{"rendered":"<p><span style=\"font-family: 'trebuchet ms', geneva, sans-serif;\">Ein freudiges Fr\u00fchlingsevent bei den Schretzheimern ging wieder einmal vor\u00fcber. Unter insgesamt 64 begeisterten Teilnehmern wurden sage und schreibe 1000 Ostereier verteilt! Um m\u00f6glichst viele davon mitzunehmen, mussten auf einer 10&#215;10-Karo-Gl\u00fccksscheibe viele Fl\u00e4chen angeschossen werden.<\/span><\/p>\n<p><a href=\"https:\/\/www.eintracht-schretzheim.de\/?attachment_id=8887\" rel=\"attachment wp-att-8887\"><img fetchpriority=\"high\" decoding=\"async\" class=\"alignnone size-large wp-image-8887\" src=\"https:\/\/www.eintracht-schretzheim.de\/wp-content\/uploads\/2025\/04\/Oster25_JugendAll-e1744962082316-644x540.jpg\" alt=\"\" width=\"644\" height=\"540\" srcset=\"https:\/\/www.eintracht-schretzheim.de\/wp-content\/uploads\/2025\/04\/Oster25_JugendAll-e1744962082316-644x540.jpg 644w, https:\/\/www.eintracht-schretzheim.de\/wp-content\/uploads\/2025\/04\/Oster25_JugendAll-e1744962082316-300x252.jpg 300w, https:\/\/www.eintracht-schretzheim.de\/wp-content\/uploads\/2025\/04\/Oster25_JugendAll-e1744962082316-768x644.jpg 768w, https:\/\/www.eintracht-schretzheim.de\/wp-content\/uploads\/2025\/04\/Oster25_JugendAll-e1744962082316.jpg 1430w\" sizes=\"(max-width: 644px) 100vw, 644px\" \/><\/a><\/p>\n<p><span style=\"font-family: 'trebuchet ms', geneva, sans-serif;\">Der erste Anteil an Ostereiern, ging an 22 Jugendliche, die sich \u00fcber kleine bis immer voller werdende Schachteln m\u00e4chtig freuten. Am besten r\u00e4umten folgende drei ab&#8230;<\/span><\/p>\n<figure id=\"attachment_8886\" aria-describedby=\"caption-attachment-8886\" style=\"width: 644px\" class=\"wp-caption aligncenter\"><a href=\"https:\/\/www.eintracht-schretzheim.de\/?attachment_id=8886\" rel=\"attachment wp-att-8886\"><img decoding=\"async\" class=\"wp-image-8886 size-large\" src=\"https:\/\/www.eintracht-schretzheim.de\/wp-content\/uploads\/2025\/04\/Oster25_Jugend-e1744961926754-644x605.jpg\" alt=\"\" width=\"644\" height=\"605\" srcset=\"https:\/\/www.eintracht-schretzheim.de\/wp-content\/uploads\/2025\/04\/Oster25_Jugend-e1744961926754-644x605.jpg 644w, https:\/\/www.eintracht-schretzheim.de\/wp-content\/uploads\/2025\/04\/Oster25_Jugend-e1744961926754-300x282.jpg 300w, https:\/\/www.eintracht-schretzheim.de\/wp-content\/uploads\/2025\/04\/Oster25_Jugend-e1744961926754-768x722.jpg 768w, https:\/\/www.eintracht-schretzheim.de\/wp-content\/uploads\/2025\/04\/Oster25_Jugend-e1744961926754.jpg 1277w\" sizes=\"(max-width: 644px) 100vw, 644px\" \/><\/a><figcaption id=\"caption-attachment-8886\" class=\"wp-caption-text\">Von links: Vogel Simon (1. mit 111 Punkten) &#8211; Klein Ben (3. mit 99 Punkten) &#8211; Engelniederhammer Carolin (2. mit 104 Punkten) &#8211; Im Hintergrund: Hufnagel Benedikt &#8211; B\u00e4sche Stefan<\/figcaption><\/figure>\n<p>Schlie\u00dflich wollten aber die 42 Gro\u00dfen dann auch ihre P\u00e4ckchen haben. Hier wurde es spannend bis zu Letzt noch drei \u00fcbrig blieben&#8230;<\/p>\n<figure id=\"attachment_8888\" aria-describedby=\"caption-attachment-8888\" style=\"width: 644px\" class=\"wp-caption alignnone\"><a href=\"https:\/\/www.eintracht-schretzheim.de\/?attachment_id=8888\" rel=\"attachment wp-att-8888\"><img decoding=\"async\" class=\"wp-image-8888 size-large\" src=\"https:\/\/www.eintracht-schretzheim.de\/wp-content\/uploads\/2025\/04\/Oster25_Erwachsene-e1744963789885-644x494.jpg\" alt=\"\" width=\"644\" height=\"494\" srcset=\"https:\/\/www.eintracht-schretzheim.de\/wp-content\/uploads\/2025\/04\/Oster25_Erwachsene-e1744963789885-644x494.jpg 644w, https:\/\/www.eintracht-schretzheim.de\/wp-content\/uploads\/2025\/04\/Oster25_Erwachsene-e1744963789885-300x230.jpg 300w, https:\/\/www.eintracht-schretzheim.de\/wp-content\/uploads\/2025\/04\/Oster25_Erwachsene-e1744963789885-768x589.jpg 768w, https:\/\/www.eintracht-schretzheim.de\/wp-content\/uploads\/2025\/04\/Oster25_Erwachsene-e1744963789885-1536x1178.jpg 1536w, https:\/\/www.eintracht-schretzheim.de\/wp-content\/uploads\/2025\/04\/Oster25_Erwachsene-e1744963789885.jpg 1565w\" sizes=\"(max-width: 644px) 100vw, 644px\" \/><\/a><figcaption id=\"caption-attachment-8888\" class=\"wp-caption-text\">Von links: B\u00e4sche Christian &#8211; Eisenhofer Andrea (3. mit 110 Punkten) &#8211; Wunderle Tobias (2. mit 118 Punkten) &#8211; Hufnagel Benedikt (1. mit 126 Punkten) &#8211; B\u00e4sche Stefan<\/figcaption><\/figure>\n<p>&nbsp;<\/p>\n","protected":false},"excerpt":{"rendered":"<p>Ein freudiges Fr\u00fchlingsevent bei den Schretzheimern ging wieder einmal vor\u00fcber. Unter insgesamt 64 begeisterten Teilnehmern wurden sage und schreibe 1000 Ostereier verteilt! Um m\u00f6glichst viele davon mitzunehmen, mussten auf einer 10&#215;10-Karo-Gl\u00fccksscheibe viele Fl\u00e4chen angeschossen werden. Der erste Anteil an Ostereiern, ging an 22 Jugendliche, die sich \u00fcber kleine bis immer voller werdende Schachteln m\u00e4chtig freuten&#8230;.<\/p>\n","protected":false},"author":11,"featured_media":0,"comment_status":"open","ping_status":"open","sticky":false,"template":"","format":"standard","meta":{"footnotes":""},"categories":[1],"tags":[],"class_list":["post-8885","post","type-post","status-publish","format-standard","hentry","category-allgemein"],"_links":{"self":[{"href":"https:\/\/www.eintracht-schretzheim.de\/index.php?rest_route=\/wp\/v2\/posts\/8885","targetHints":{"allow":["GET"]}}],"collection":[{"href":"https:\/\/www.eintracht-schretzheim.de\/index.php?rest_route=\/wp\/v2\/posts"}],"about":[{"href":"https:\/\/www.eintracht-schretzheim.de\/index.php?rest_route=\/wp\/v2\/types\/post"}],"author":[{"embeddable":true,"href":"https:\/\/www.eintracht-schretzheim.de\/index.php?rest_route=\/wp\/v2\/users\/11"}],"replies":[{"embeddable":true,"href":"https:\/\/www.eintracht-schretzheim.de\/index.php?rest_route=%2Fwp%2Fv2%2Fcomments&post=8885"}],"version-history":[{"count":2,"href":"https:\/\/www.eintracht-schretzheim.de\/index.php?rest_route=\/wp\/v2\/posts\/8885\/revisions"}],"predecessor-version":[{"id":8891,"href":"https:\/\/www.eintracht-schretzheim.de\/index.php?rest_route=\/wp\/v2\/posts\/8885\/revisions\/8891"}],"wp:attachment":[{"href":"https:\/\/www.eintracht-schretzheim.de\/index.php?rest_route=%2Fwp%2Fv2%2Fmedia&parent=8885"}],"wp:term":[{"taxonomy":"category","embeddable":true,"href":"https:\/\/www.eintracht-schretzheim.de\/index.php?rest_route=%2Fwp%2Fv2%2Fcategories&post=8885"},{"taxonomy":"post_tag","embeddable":true,"href":"https:\/\/www.eintracht-schretzheim.de\/index.php?rest_route=%2Fwp%2Fv2%2Ftags&post=8885"}],"curies":[{"name":"wp","href":"https:\/\/api.w.org\/{rel}","templated":true}]}}