{"id":8867,"date":"2025-04-09T09:28:09","date_gmt":"2025-04-09T07:28:09","guid":{"rendered":"https:\/\/www.eintracht-schretzheim.de\/?p=8867"},"modified":"2025-04-09T09:30:13","modified_gmt":"2025-04-09T07:30:13","slug":"rwk-2025-lp1-aufstiegskampf","status":"publish","type":"post","link":"https:\/\/www.eintracht-schretzheim.de\/?p=8867","title":{"rendered":"RWK 2025 &#8211; LP1 &#8211; Aufstiegskampf"},"content":{"rendered":"<p><span style=\"text-decoration: underline;\"><strong><span style=\"font-family: 'trebuchet ms', geneva, sans-serif; font-size: 18pt; color: #800000; text-decoration: underline;\">Unterwegs mit dem Party-Bus!<\/span><\/strong><\/span><\/p>\n<p><span style=\"font-family: 'trebuchet ms', geneva, sans-serif;\">Der Tag, an dem unser Quintett in M\u00fcnchen-Hochbr\u00fcck ihre Leistung zeigen durften, war gekommen. Stefan B\u00e4sche hatte extra vom Kreisjugendring den hellgr\u00fcnen Combi geliehen, sodass Mannschaft und Fanclub zusammen in einem Gef\u00e4hrt unterwegs sein konnten. Die Hinreise war eher ruhig. Bei der Olympia-Schie\u00dfanlage angekommen, musste unsere F\u00fcnf durch die Waffenkontrolle, die tats\u00e4chlich reibungslos von Statten ging, was nicht jede Truppe von sich behaupten konnte. Nach dem ein oder anderen Gang auf die Toilette durfte unser Quintett dann die St\u00e4nde belegen&#8230;<\/span><\/p>\n<figure id=\"attachment_8868\" aria-describedby=\"caption-attachment-8868\" style=\"width: 644px\" class=\"wp-caption alignnone\"><a style=\"font-weight: 600; font-size: 16.884px; font-style: italic; background-color: #ffffff;\" href=\"https:\/\/www.eintracht-schretzheim.de\/?attachment_id=8868\" rel=\"attachment wp-att-8868\"><img fetchpriority=\"high\" decoding=\"async\" class=\"wp-image-8868 size-large\" src=\"https:\/\/www.eintracht-schretzheim.de\/wp-content\/uploads\/2025\/04\/25_LP1-e1744179489231-644x290.jpg\" alt=\"\" width=\"644\" height=\"290\" srcset=\"https:\/\/www.eintracht-schretzheim.de\/wp-content\/uploads\/2025\/04\/25_LP1-e1744179489231-644x290.jpg 644w, https:\/\/www.eintracht-schretzheim.de\/wp-content\/uploads\/2025\/04\/25_LP1-e1744179489231-300x135.jpg 300w, https:\/\/www.eintracht-schretzheim.de\/wp-content\/uploads\/2025\/04\/25_LP1-e1744179489231-768x346.jpg 768w, https:\/\/www.eintracht-schretzheim.de\/wp-content\/uploads\/2025\/04\/25_LP1-e1744179489231-1536x691.jpg 1536w, https:\/\/www.eintracht-schretzheim.de\/wp-content\/uploads\/2025\/04\/25_LP1-e1744179489231.jpg 1600w\" sizes=\"(max-width: 644px) 100vw, 644px\" \/><\/a><figcaption id=\"caption-attachment-8868\" class=\"wp-caption-text\">Von Links: Julian Miehlich &#8211; Christian B\u00e4sche &#8211; Stefan Gandenheimer &#8211; Ronny Vogel &#8211; Alexander R\u00f6mming<\/figcaption><\/figure>\n<p><span style=\"font-family: 'trebuchet ms', geneva, sans-serif;\">Allerdings sah man den Jungs an, dass ein bisschen mehr Aufregung da war als bei \u00fcblichen Rundenwettk\u00e4mpfen. Besonders Christian B\u00e4sche musste darunter leiden und ging am Vormittag mit mageren 334 Ringen vom Stand. Mit 344 Ringen beendete Alexander R\u00f6mming den ersten Durchgang und auch ihm war anzumerken, dass die Atmosph\u00e4re etwas beim Ergebnis mitwirkte. Wer sich \u00fcberhaupt nicht beirren lie\u00df, war Stefan Gandenheimer. Er knallte starke 368 Ringe in die Wertungsanlage und war damit f\u00fcr den Vormittag der beste Schretzheimer. Ronny Vogel k\u00e4mpfte sich auch durch und kam schlie\u00dflich auf ordentliche 350 Ringe. Wie \u00fcblich brauchte einer etwas l\u00e4nger. Julian Miehlich kam am Anfang auch nicht in Fahrt und setzte sich auf den Boden. Dies irritierte nicht nur einen Gro\u00dfteil des Publikums, sondern auch die Aufsichtspersonen. Doch Julian wusste, was er tat und erreichte gute 360 Ringe. Doch lag das Team mit dieser Gesamtleistung von 1756 Ringen gleich einmal auf den hinteren Pl\u00e4tzen der 8 anwesenden Mannschaften.\u00a0<\/span><\/p>\n<p><span style=\"font-family: 'trebuchet ms', geneva, sans-serif;\">Nun war Mittagspause. Hier verabredete man sich mit den Minderoffingern zum Essen. W\u00e4hrend &#8222;F\u00fctterungszeit&#8220; wuchs die Laune der Schretzheimer deutlich.<\/span><\/p>\n<p><span style=\"font-family: 'trebuchet ms', geneva, sans-serif;\">Gerade noch rechtzeitig wieder bei der Schie\u00dfanlage angekommen, ging es auch schon in Runde 2. Stefan Gandenheimer kam allerdings nicht mehr so ganz in Form. Nach ein paar guten Sch\u00fcssen rutschte wieder ein Ausrei\u00dfer dazwischen und so beendete er diesen Durchgang mit 354 Ringen. Bei Christian B\u00e4sche half die Mittagspause auch nicht wirklich. Zwar schoss er eine super Probe-Serie, als es dann aber um die Wurst ging, landete er wieder bei 337 Ringen. F\u00fcr ihn war es wohl ein frustrierender Tag! Gut erholt kam Alexander R\u00f6mming aus der Pause und zimmerte hervorragende 358 Ringe in die Wertung! Weitere bombastische 362 Ringe trug Ronny Vogel zur Teamleistung hinzu. Und nat\u00fcrlich ging Julian Miehlich wieder als letzter vom Stand. Jedoch setzte er mit starken 365 Ringen die Spitzenleistung der Schretzheimer! Somit erreichte unser Quintett am Nachmittag 1776 Ringe, wof\u00fcr es leider nur noch Platz 6 als Belohnung gab.<\/span><\/p>\n<p><span style=\"font-family: 'trebuchet ms', geneva, sans-serif;\">Die Kollegen aus Minderoffingen, als auch die Mannschaft aus Oberreute belohnten sich schlie\u00dflich mit dem Aufstieg in die Bayernliga, was aber auch zu erwarten war.<\/span><\/p>\n<p><span style=\"font-family: 'trebuchet ms', geneva, sans-serif;\">Zum Abschluss des Tages verabschiedete man sich von den Minderoffingern und trat tats\u00e4chlich bei bester Laune die Heimreise an.<\/span><\/p>\n","protected":false},"excerpt":{"rendered":"<p>Unterwegs mit dem Party-Bus! Der Tag, an dem unser Quintett in M\u00fcnchen-Hochbr\u00fcck ihre Leistung zeigen durften, war gekommen. Stefan B\u00e4sche hatte extra vom Kreisjugendring den hellgr\u00fcnen Combi geliehen, sodass Mannschaft und Fanclub zusammen in einem Gef\u00e4hrt unterwegs sein konnten. Die Hinreise war eher ruhig. Bei der Olympia-Schie\u00dfanlage angekommen, musste unsere F\u00fcnf durch die Waffenkontrolle, die&#8230;<\/p>\n","protected":false},"author":11,"featured_media":0,"comment_status":"open","ping_status":"open","sticky":false,"template":"","format":"standard","meta":{"footnotes":""},"categories":[1],"tags":[],"class_list":["post-8867","post","type-post","status-publish","format-standard","hentry","category-allgemein"],"_links":{"self":[{"href":"https:\/\/www.eintracht-schretzheim.de\/index.php?rest_route=\/wp\/v2\/posts\/8867","targetHints":{"allow":["GET"]}}],"collection":[{"href":"https:\/\/www.eintracht-schretzheim.de\/index.php?rest_route=\/wp\/v2\/posts"}],"about":[{"href":"https:\/\/www.eintracht-schretzheim.de\/index.php?rest_route=\/wp\/v2\/types\/post"}],"author":[{"embeddable":true,"href":"https:\/\/www.eintracht-schretzheim.de\/index.php?rest_route=\/wp\/v2\/users\/11"}],"replies":[{"embeddable":true,"href":"https:\/\/www.eintracht-schretzheim.de\/index.php?rest_route=%2Fwp%2Fv2%2Fcomments&post=8867"}],"version-history":[{"count":4,"href":"https:\/\/www.eintracht-schretzheim.de\/index.php?rest_route=\/wp\/v2\/posts\/8867\/revisions"}],"predecessor-version":[{"id":8874,"href":"https:\/\/www.eintracht-schretzheim.de\/index.php?rest_route=\/wp\/v2\/posts\/8867\/revisions\/8874"}],"wp:attachment":[{"href":"https:\/\/www.eintracht-schretzheim.de\/index.php?rest_route=%2Fwp%2Fv2%2Fmedia&parent=8867"}],"wp:term":[{"taxonomy":"category","embeddable":true,"href":"https:\/\/www.eintracht-schretzheim.de\/index.php?rest_route=%2Fwp%2Fv2%2Fcategories&post=8867"},{"taxonomy":"post_tag","embeddable":true,"href":"https:\/\/www.eintracht-schretzheim.de\/index.php?rest_route=%2Fwp%2Fv2%2Ftags&post=8867"}],"curies":[{"name":"wp","href":"https:\/\/api.w.org\/{rel}","templated":true}]}}