{"id":8853,"date":"2025-03-17T12:59:01","date_gmt":"2025-03-17T11:59:01","guid":{"rendered":"https:\/\/www.eintracht-schretzheim.de\/?p=8853"},"modified":"2025-03-17T13:00:42","modified_gmt":"2025-03-17T12:00:42","slug":"rwk-2025-lp2-runde-10","status":"publish","type":"post","link":"https:\/\/www.eintracht-schretzheim.de\/?p=8853","title":{"rendered":"RWK 2025 &#8211; LP2 &#8211; Runde 10"},"content":{"rendered":"<p><span style=\"text-decoration: underline; color: #800000;\"><strong><span style=\"font-family: 'trebuchet ms', geneva, sans-serif; font-size: 18pt;\">Abschlussfest?<\/span><\/strong><\/span><\/p>\n<p><span style=\"font-family: 'trebuchet ms', geneva, sans-serif;\">Mit den Oberstotzinger Buben, die zum letzten Wettkampftag nach Schretzheim kamen, war urspr\u00fcnglich verabredet, dass es was zum Essen und nat\u00fcrlich genug Fl\u00fcssiges geben wird. Da allerdings unser Koch, Vorstand oder einfach Stefan B\u00e4sche krankheitsbedingt nicht anwesend sein konnte &#8211; Wir w\u00fcnschen gute Besserung &#8211; wurde das gemeinsame Essen verschoben. Geschossen musste aber dennoch werden. Goller Sebastian (343 Ringe), Gschwind Lukas (338 Ringe), Hegele Steffen (331 Ringe) und H\u00f6rger Tim (322 Ringe) schafften es gemeinsam auf 1334 Ringe. Zwar fiel auf Seiten der Eintracht der oben genannte Mannschaftsf\u00fchrer aus und konnte somit auch sein geheimes Wundermittel (gelbe Limo) vom letzten Mal nicht erneut unter Beweis stellen, aber Stefan konnte sich auf sein Team voll und ganz verlassen. Spitzensch\u00fctze war Gerhard Graf mit tollen 357 Ringen. Dicht dahinter Helmut Ehrmann mit 353 Ringen. Victor Kehrle reichte starke 348 Ringe in die Wertung und letztlich ging Max Bacher mit 346 Ringen vom Stand. Somit war es mit 1404 Ringen ein eindeutiger Sieg f\u00fcr die Schretzheimer, die sich damit auf dem zweiten Platz in der Tabelle festigten!<\/span><\/p>\n<p><span style=\"font-family: 'trebuchet ms', geneva, sans-serif;\">Folglich hat man sich leider nicht mit dem Meistertitel belohnen k\u00f6nnen, da aber die Aislinger zur\u00fcckzogen, erreichte uns eine Einladung beziehungsweise Startberechtigung zum Aufstiegswettkampf in die Bezirksliga. Falls man diesen meistern sollte, w\u00fcrde man in der kommenden Saison auch im Mann-gegen-Mann-Modus schie\u00dfen.<\/span><\/p>\n","protected":false},"excerpt":{"rendered":"<p>Abschlussfest? Mit den Oberstotzinger Buben, die zum letzten Wettkampftag nach Schretzheim kamen, war urspr\u00fcnglich verabredet, dass es was zum Essen und nat\u00fcrlich genug Fl\u00fcssiges geben wird. Da allerdings unser Koch, Vorstand oder einfach Stefan B\u00e4sche krankheitsbedingt nicht anwesend sein konnte &#8211; Wir w\u00fcnschen gute Besserung &#8211; wurde das gemeinsame Essen verschoben. Geschossen musste aber dennoch&#8230;<\/p>\n","protected":false},"author":11,"featured_media":0,"comment_status":"open","ping_status":"open","sticky":false,"template":"","format":"standard","meta":{"footnotes":""},"categories":[1],"tags":[],"class_list":["post-8853","post","type-post","status-publish","format-standard","hentry","category-allgemein"],"_links":{"self":[{"href":"https:\/\/www.eintracht-schretzheim.de\/index.php?rest_route=\/wp\/v2\/posts\/8853","targetHints":{"allow":["GET"]}}],"collection":[{"href":"https:\/\/www.eintracht-schretzheim.de\/index.php?rest_route=\/wp\/v2\/posts"}],"about":[{"href":"https:\/\/www.eintracht-schretzheim.de\/index.php?rest_route=\/wp\/v2\/types\/post"}],"author":[{"embeddable":true,"href":"https:\/\/www.eintracht-schretzheim.de\/index.php?rest_route=\/wp\/v2\/users\/11"}],"replies":[{"embeddable":true,"href":"https:\/\/www.eintracht-schretzheim.de\/index.php?rest_route=%2Fwp%2Fv2%2Fcomments&post=8853"}],"version-history":[{"count":3,"href":"https:\/\/www.eintracht-schretzheim.de\/index.php?rest_route=\/wp\/v2\/posts\/8853\/revisions"}],"predecessor-version":[{"id":8856,"href":"https:\/\/www.eintracht-schretzheim.de\/index.php?rest_route=\/wp\/v2\/posts\/8853\/revisions\/8856"}],"wp:attachment":[{"href":"https:\/\/www.eintracht-schretzheim.de\/index.php?rest_route=%2Fwp%2Fv2%2Fmedia&parent=8853"}],"wp:term":[{"taxonomy":"category","embeddable":true,"href":"https:\/\/www.eintracht-schretzheim.de\/index.php?rest_route=%2Fwp%2Fv2%2Fcategories&post=8853"},{"taxonomy":"post_tag","embeddable":true,"href":"https:\/\/www.eintracht-schretzheim.de\/index.php?rest_route=%2Fwp%2Fv2%2Ftags&post=8853"}],"curies":[{"name":"wp","href":"https:\/\/api.w.org\/{rel}","templated":true}]}}