{"id":8601,"date":"2025-02-18T11:19:00","date_gmt":"2025-02-18T10:19:00","guid":{"rendered":"https:\/\/www.eintracht-schretzheim.de\/?p=8601"},"modified":"2025-02-18T11:19:00","modified_gmt":"2025-02-18T10:19:00","slug":"rwk-2025-lp1-7-sonntag","status":"publish","type":"post","link":"https:\/\/www.eintracht-schretzheim.de\/?p=8601","title":{"rendered":"RWK 2025 &#8211; LP1 &#8211; 7. Sonntag"},"content":{"rendered":"<p><span style=\"text-decoration: underline; font-size: 18pt; color: #800000;\"><strong><span style=\"font-family: 'trebuchet ms', geneva, sans-serif;\">Saisonabschluss?<\/span><\/strong><\/span><\/p>\n<p><span style=\"font-family: 'trebuchet ms', geneva, sans-serif;\">Austragungsort war diesmal Minderoffingen, gegen die unser Quintett um 10:00 Uhr antreten musste. Allerdings gab es diesmal ein paar Probleme mit der Anlage, weshalb der Start etwas verz\u00f6gert wurde. Auf Position 1 war der Einzelpunkt eigentlich nicht zu holen, denn Bosch Wolfgang ist einfach der Spitzensch\u00fctze der ganzen Schwaben-Liga! Doch hat er mit herausragenden 372 Ringen f\u00fcr seine Verh\u00e4ltnisse dennoch etwas geschw\u00e4chelt. Julian Miehlich konnte zwar in einer Serie zeigen, dass theoretisch mithalten k\u00f6nnte, allerdings ist er aktuell auf &#8222;Talfahrt&#8220; und so kann an seine Hinrunden-Leistungen nicht ankn\u00fcpfen. Schlie\u00dflich ging er mit 356 Ringen vom Stand. Auf Position 2 brannte Stefan Gandenheimer vor Ehrgeiz. Denn die 1 in der Setzliste zu sein, ist in dieser Mannschaft sowas wie ein &#8222;Markenzeichen&#8220; und die wollte er schlie\u00dflich wieder haben. So schoss er hervorragende 366 Ringe und konnte trotzdem keinen Punkt holen! Denn Baumann Mathias musste ausgerechnet hier seinen Saison-Rekord raushauen. Mit starken 371 Ringen sicherte er auch diesen Punkt f\u00fcr die Gastgeber. Paarung 5 ging dann wenigstens an die Eintracht. Da der Stammsch\u00fctze der Minderoffinger f\u00fcr den Vormittag ausfiel, musste Baumann Martin (340 Ringe) starten, der gegen Ronny Vogel mit tollen 350 Ringen den K\u00fcrzeren zog. Alexander R\u00f6mming war spitzenm\u00e4\u00dfig unterwegs! In seinen knapp 20 Minuten, die er am Stand verbrachte, brachte er den Z\u00e4hler auf starke 361 Ringe, was f\u00fcr Hach Philipp den Nervenkrieg bedeutete. Er war wirklich gut unterwegs, jedoch musste er am Ende mit 359 Ringen den Einzelpunkt abgeben. Somit kam es auf die 3. Paarung an, wer den Sieg davontragen durfte. Schmid Thomas (353 Ringe) und Christian B\u00e4sche machten es dabei erdenklich spannend, sodass der Erfolg f\u00fcr die Schretzheimer in greifbarer n\u00e4he war. Doch Christian schaffte es nicht zuzugreifen und so musste er am Ende mit 351 Ringen vom Stand gehen. [ Einzelpunkte 3:2 &#8211; 1795:1784 Ringe ]<\/span><\/p>\n<p><span style=\"font-family: 'trebuchet ms', geneva, sans-serif;\">Wenigstens gab es zum Mittag eine etwas l\u00e4nger Pause inklusive bester Verpflegung von den Gastgebern. Da die Ettringer gegen Zusamzell verloren, musste man auch noch zu allem \u00dcbel die Position 2 in der Tabelle abgeben, bis es dann schlie\u00dflich Zeit wurde, sich mit Mittelstetten zu messen.<\/span><\/p>\n<p><span style=\"font-family: 'trebuchet ms', geneva, sans-serif;\">Bei Julian Miehlich lief es erneut wie verhext. So musste er auch gegen Freundl Julian, der konstant den 362 Ringen entgegenschoss, den Einzelpunkt auf Position 1 abgeben. Auch in Paarung 3 war wohl der Ofen aus. Denn Christian B\u00e4sche musste bereits bei 349 Ringen den Stand verlassen, w\u00e4hrend sein Gegen\u00fcber, M\u00fcller Werner, mit 357 Ringen eine tolle Leistung in die Wertung zauberte. Aber die Gegner von Stefan Gandenheimer (363 Ringe) und Alexander R\u00f6mming (354 Ringe) beendeten beide ihren Wettkampf mit 346 Ringen, sodass man diese Punkte eint\u00fcten konnte. Schlie\u00dflich kam der Einzelpunkt von Paarung 5 auch noch auf das Konto der Schretzheimer, da Ronny Vogel mit seinen starken 356 Ringen kaum eine Chance f\u00fcr Wiedemann Hermann (344 Ringe) offen lie\u00df. Zwar erhoffte man sich zum Abschluss gegen Mittelstetten etwas mehr als ein 3:2 mit 1775:1755 Ringen, aber immerhin gewonnen!<\/span><\/p>\n<p><span style=\"font-family: 'trebuchet ms', geneva, sans-serif;\">Die Stimmung war zwar etwas betr\u00fcbt, doch dann kam die erfreuliche Botschaft. Da Welden es geschafft hatte, sich gegen Zusamzell in einem 3:2 den Klassenerhalt zu sichern, durfte unser Quintett nochmals auf den 2. Tabellenplatz vorr\u00fccken!<a href=\"https:\/\/www.eintracht-schretzheim.de\/?attachment_id=8604\" rel=\"attachment wp-att-8604\"><img fetchpriority=\"high\" decoding=\"async\" class=\"alignnone size-large wp-image-8604\" src=\"https:\/\/www.eintracht-schretzheim.de\/wp-content\/uploads\/2025\/02\/Unbenannt2-644x250.png\" alt=\"\" width=\"644\" height=\"250\" srcset=\"https:\/\/www.eintracht-schretzheim.de\/wp-content\/uploads\/2025\/02\/Unbenannt2-644x250.png 644w, https:\/\/www.eintracht-schretzheim.de\/wp-content\/uploads\/2025\/02\/Unbenannt2-300x116.png 300w, https:\/\/www.eintracht-schretzheim.de\/wp-content\/uploads\/2025\/02\/Unbenannt2-768x298.png 768w, https:\/\/www.eintracht-schretzheim.de\/wp-content\/uploads\/2025\/02\/Unbenannt2.png 830w\" sizes=\"(max-width: 644px) 100vw, 644px\" \/><\/a><\/span><\/p>\n<p><span style=\"font-family: 'trebuchet ms', geneva, sans-serif;\">Dies bedeutet nun, dass sich unser Team frisch machen darf, um am 16. M\u00e4rz im Finale anzutreten! Hierbei begegnet man dann den Sch\u00fctzen von Oberreute, die in der Schwabenliga-S\u00fcd den 2. Platz erreicht haben. (Davon wird es auch einen Bericht geben!)<\/span><\/p>\n<p><span style=\"font-family: 'trebuchet ms', geneva, sans-serif;\">Zudem ist unser Quintett\u00a0f\u00fcr den Aufstiegs-Wettkampf qualifiziert. Dabei wird ausgeschossen, welche Mannschaft n\u00e4chstes Jahr in der Bayernliga starten darf. Allerdings muss man realistisch sein: Den aktuellen Bilanzen nach, wird sich keine der vier qualifizierten Teams n\u00e4chste Saison in der h\u00f6heren Liga halten k\u00f6nnen.<\/span><\/p>\n","protected":false},"excerpt":{"rendered":"<p>Saisonabschluss? Austragungsort war diesmal Minderoffingen, gegen die unser Quintett um 10:00 Uhr antreten musste. Allerdings gab es diesmal ein paar Probleme mit der Anlage, weshalb der Start etwas verz\u00f6gert wurde. Auf Position 1 war der Einzelpunkt eigentlich nicht zu holen, denn Bosch Wolfgang ist einfach der Spitzensch\u00fctze der ganzen Schwaben-Liga! Doch hat er mit herausragenden&#8230;<\/p>\n","protected":false},"author":11,"featured_media":0,"comment_status":"open","ping_status":"open","sticky":false,"template":"","format":"standard","meta":{"footnotes":""},"categories":[1],"tags":[],"class_list":["post-8601","post","type-post","status-publish","format-standard","hentry","category-allgemein"],"_links":{"self":[{"href":"https:\/\/www.eintracht-schretzheim.de\/index.php?rest_route=\/wp\/v2\/posts\/8601","targetHints":{"allow":["GET"]}}],"collection":[{"href":"https:\/\/www.eintracht-schretzheim.de\/index.php?rest_route=\/wp\/v2\/posts"}],"about":[{"href":"https:\/\/www.eintracht-schretzheim.de\/index.php?rest_route=\/wp\/v2\/types\/post"}],"author":[{"embeddable":true,"href":"https:\/\/www.eintracht-schretzheim.de\/index.php?rest_route=\/wp\/v2\/users\/11"}],"replies":[{"embeddable":true,"href":"https:\/\/www.eintracht-schretzheim.de\/index.php?rest_route=%2Fwp%2Fv2%2Fcomments&post=8601"}],"version-history":[{"count":3,"href":"https:\/\/www.eintracht-schretzheim.de\/index.php?rest_route=\/wp\/v2\/posts\/8601\/revisions"}],"predecessor-version":[{"id":8605,"href":"https:\/\/www.eintracht-schretzheim.de\/index.php?rest_route=\/wp\/v2\/posts\/8601\/revisions\/8605"}],"wp:attachment":[{"href":"https:\/\/www.eintracht-schretzheim.de\/index.php?rest_route=%2Fwp%2Fv2%2Fmedia&parent=8601"}],"wp:term":[{"taxonomy":"category","embeddable":true,"href":"https:\/\/www.eintracht-schretzheim.de\/index.php?rest_route=%2Fwp%2Fv2%2Fcategories&post=8601"},{"taxonomy":"post_tag","embeddable":true,"href":"https:\/\/www.eintracht-schretzheim.de\/index.php?rest_route=%2Fwp%2Fv2%2Ftags&post=8601"}],"curies":[{"name":"wp","href":"https:\/\/api.w.org\/{rel}","templated":true}]}}