{"id":8323,"date":"2024-11-08T11:02:02","date_gmt":"2024-11-08T10:02:02","guid":{"rendered":"https:\/\/www.eintracht-schretzheim.de\/?p=8323"},"modified":"2024-11-08T11:02:02","modified_gmt":"2024-11-08T10:02:02","slug":"rwk-2025-lp2-runde-12","status":"publish","type":"post","link":"https:\/\/www.eintracht-schretzheim.de\/?p=8323","title":{"rendered":"RWK 2025 &#8211; LP2 &#8211; Runde 1&#038;2"},"content":{"rendered":"<p><span style=\"text-decoration: underline;\"><strong><span style=\"font-family: 'trebuchet ms', geneva, sans-serif; font-size: 18pt; color: #800000;\">Einschie\u00dfen ins Mittelfeld<\/span><\/strong><\/span><\/p>\n<p><span style=\"font-family: 'trebuchet ms', geneva, sans-serif;\">Nachdem beim Auftakt-Wettkampf gegen Aislingen verloren wurde&#8230;<\/span><\/p>\n<p><a href=\"https:\/\/www.eintracht-schretzheim.de\/?attachment_id=8324\" rel=\"attachment wp-att-8324\"><img fetchpriority=\"high\" decoding=\"async\" class=\"size-large wp-image-8324 alignnone\" src=\"https:\/\/www.eintracht-schretzheim.de\/wp-content\/uploads\/2024\/11\/Screenshot-2024-11-08-103748-644x195.png\" alt=\"\" width=\"644\" height=\"195\" srcset=\"https:\/\/www.eintracht-schretzheim.de\/wp-content\/uploads\/2024\/11\/Screenshot-2024-11-08-103748-644x195.png 644w, https:\/\/www.eintracht-schretzheim.de\/wp-content\/uploads\/2024\/11\/Screenshot-2024-11-08-103748-300x91.png 300w, https:\/\/www.eintracht-schretzheim.de\/wp-content\/uploads\/2024\/11\/Screenshot-2024-11-08-103748-768x232.png 768w, https:\/\/www.eintracht-schretzheim.de\/wp-content\/uploads\/2024\/11\/Screenshot-2024-11-08-103748-1536x465.png 1536w, https:\/\/www.eintracht-schretzheim.de\/wp-content\/uploads\/2024\/11\/Screenshot-2024-11-08-103748.png 1792w\" sizes=\"(max-width: 644px) 100vw, 644px\" \/><\/a><\/p>\n<p><span style=\"font-family: 'trebuchet ms', geneva, sans-serif;\">&#8230; wollte man sich gegen den verh\u00e4ltnism\u00e4\u00dfig leichtesten Gegner in Blindheim Punkte heimfahren. Heigl Georg (Blindheim) und Max Bacher (Schretzheim) erreichten beide hervorragende 358 Ringe. W\u00e4hrend Ritter Markus weitere 347 Ringe f\u00fcr Blindheim schoss, erzielte Gerhard Graf 351 Ringe. Allerdings war dieser kleine Vorsprung gleich wieder dahin, denn Audibert H\u00e9l\u00e8ne schoss 317 Ringe, als Petra Bacher diesmal nur auf 311 Ringe kam. Doch gibt es ja noch einen Vierten in der Mannschaft. So schw\u00e4chelte Schuster Franz etwas und musste seinen Stand bei 324 Ringen verlassen und hob Blindheim auf 1345 Ringe. Helmut Ehrmann hingegen erreichte gute 354 Ringe und verhalf Schretzheim zum Sieg mit 1374 Ringen. Schlie\u00dflich steht man aktuell mit einer Niederlage und diesem Sieg gegen Blindheim im Mittelfeld der Tabelle, allerdings darf man gegen die anderen Mannschaften nicht nachlassen!<\/span><\/p>\n","protected":false},"excerpt":{"rendered":"<p>Einschie\u00dfen ins Mittelfeld Nachdem beim Auftakt-Wettkampf gegen Aislingen verloren wurde&#8230; &#8230; wollte man sich gegen den verh\u00e4ltnism\u00e4\u00dfig leichtesten Gegner in Blindheim Punkte heimfahren. Heigl Georg (Blindheim) und Max Bacher (Schretzheim) erreichten beide hervorragende 358 Ringe. W\u00e4hrend Ritter Markus weitere 347 Ringe f\u00fcr Blindheim schoss, erzielte Gerhard Graf 351 Ringe. Allerdings war dieser kleine Vorsprung gleich&#8230;<\/p>\n","protected":false},"author":11,"featured_media":0,"comment_status":"open","ping_status":"open","sticky":false,"template":"","format":"standard","meta":{"footnotes":""},"categories":[1],"tags":[],"class_list":["post-8323","post","type-post","status-publish","format-standard","hentry","category-allgemein"],"_links":{"self":[{"href":"https:\/\/www.eintracht-schretzheim.de\/index.php?rest_route=\/wp\/v2\/posts\/8323","targetHints":{"allow":["GET"]}}],"collection":[{"href":"https:\/\/www.eintracht-schretzheim.de\/index.php?rest_route=\/wp\/v2\/posts"}],"about":[{"href":"https:\/\/www.eintracht-schretzheim.de\/index.php?rest_route=\/wp\/v2\/types\/post"}],"author":[{"embeddable":true,"href":"https:\/\/www.eintracht-schretzheim.de\/index.php?rest_route=\/wp\/v2\/users\/11"}],"replies":[{"embeddable":true,"href":"https:\/\/www.eintracht-schretzheim.de\/index.php?rest_route=%2Fwp%2Fv2%2Fcomments&post=8323"}],"version-history":[{"count":1,"href":"https:\/\/www.eintracht-schretzheim.de\/index.php?rest_route=\/wp\/v2\/posts\/8323\/revisions"}],"predecessor-version":[{"id":8325,"href":"https:\/\/www.eintracht-schretzheim.de\/index.php?rest_route=\/wp\/v2\/posts\/8323\/revisions\/8325"}],"wp:attachment":[{"href":"https:\/\/www.eintracht-schretzheim.de\/index.php?rest_route=%2Fwp%2Fv2%2Fmedia&parent=8323"}],"wp:term":[{"taxonomy":"category","embeddable":true,"href":"https:\/\/www.eintracht-schretzheim.de\/index.php?rest_route=%2Fwp%2Fv2%2Fcategories&post=8323"},{"taxonomy":"post_tag","embeddable":true,"href":"https:\/\/www.eintracht-schretzheim.de\/index.php?rest_route=%2Fwp%2Fv2%2Ftags&post=8323"}],"curies":[{"name":"wp","href":"https:\/\/api.w.org\/{rel}","templated":true}]}}