{"id":7976,"date":"2023-05-28T22:01:23","date_gmt":"2023-05-28T20:01:23","guid":{"rendered":"https:\/\/www.eintracht-schretzheim.de\/?p=7976"},"modified":"2023-05-28T22:01:23","modified_gmt":"2023-05-28T20:01:23","slug":"sommerbiathlon-2023","status":"publish","type":"post","link":"https:\/\/www.eintracht-schretzheim.de\/?p=7976","title":{"rendered":"Sommerbiathlon 2023"},"content":{"rendered":"<h2><span style=\"color: #ff0000;\">Erfolgreicher Tag f\u00fcr Schretzheimer Sch\u00fctzen<\/span><\/h2>\n<p><!--more--><\/p>\n<p>Der Tag der offenen T\u00fcr, verbunden mit dem Sommerbiathlon kann wahrlich als gro\u00dfer Erfolg gesehen werden. Zahlreiche Neugierige besuchten am Vor &#8211; und Nachmittag die Schie\u00dfanlagen der Schretzheimer Sch\u00fctzen und machten auch reichlich vom Angebot des kostenlosen Probeschie\u00dfens gebrauch. Hier waren nat\u00fcrlich besonders die Gro\u00df &#8211; und Kleinkaliberwaffen im Fokus der Besucher. Aber auch auf dem Luftdruckwaffen &#8211; Stand war der Andrang erfreulicher weise sehr gro\u00df.<\/p>\n<p>Am Nachmittag stand dann der Sommerbiathlon, der zusammen mit der FFW Schretzheim veranstaltet wurde, auf dem Programm. Zahlreiche Jugendliche und Erwachsene konnten sich auf der knapp 5 km langen Strecke messen. Neben der Laufstrecke musste auch zweimal geschossen werden. Unter nachfolgenden Links k\u00f6nnen die Ergebnislisten eingesehen werden.<\/p>\n<h3 style=\"text-align: center;\"><strong><a href=\"https:\/\/www.eintracht-schretzheim.de\/wp-content\/uploads\/2023\/05\/2023-Ergebnisse-Schueler-Jugend.pdf\">2023 Ergebnisse Sch\u00fcler und Jugend<\/a><\/strong><\/h3>\n<h3 style=\"text-align: center;\"><strong><a href=\"https:\/\/www.eintracht-schretzheim.de\/wp-content\/uploads\/2023\/05\/2023-Ergebnisse-Hauptlauf.pdf\">2023 Ergebnisse Hauptlauf<\/a><\/strong><\/h3>\n<p>&nbsp;<\/p>\n<p>Nachfolgend die Siegreichen L\u00e4uferinnen und L\u00e4ufer im Bild (zum Vergr\u00f6\u00dfern einfach nur anklicken)<\/p>\n<p><a href=\"https:\/\/www.eintracht-schretzheim.de\/wp-content\/uploads\/2023\/05\/Sommerbiathlon-2023-29.jpg\"><img fetchpriority=\"high\" decoding=\"async\" class=\"size-medium wp-image-7979 aligncenter\" src=\"https:\/\/www.eintracht-schretzheim.de\/wp-content\/uploads\/2023\/05\/Sommerbiathlon-2023-29-300x200.jpg\" alt=\"\" width=\"300\" height=\"200\" srcset=\"https:\/\/www.eintracht-schretzheim.de\/wp-content\/uploads\/2023\/05\/Sommerbiathlon-2023-29-300x200.jpg 300w, https:\/\/www.eintracht-schretzheim.de\/wp-content\/uploads\/2023\/05\/Sommerbiathlon-2023-29-644x429.jpg 644w, https:\/\/www.eintracht-schretzheim.de\/wp-content\/uploads\/2023\/05\/Sommerbiathlon-2023-29-768x511.jpg 768w, https:\/\/www.eintracht-schretzheim.de\/wp-content\/uploads\/2023\/05\/Sommerbiathlon-2023-29.jpg 1280w\" sizes=\"(max-width: 300px) 100vw, 300px\" \/><\/a><\/p>\n<p><a href=\"https:\/\/www.eintracht-schretzheim.de\/wp-content\/uploads\/2023\/05\/Sommerbiathlon-2023-30-rotated.jpg\"><img decoding=\"async\" class=\"size-medium wp-image-7980 aligncenter\" src=\"https:\/\/www.eintracht-schretzheim.de\/wp-content\/uploads\/2023\/05\/Sommerbiathlon-2023-30-200x300.jpg\" alt=\"\" width=\"200\" height=\"300\" srcset=\"https:\/\/www.eintracht-schretzheim.de\/wp-content\/uploads\/2023\/05\/Sommerbiathlon-2023-30-200x300.jpg 200w, https:\/\/www.eintracht-schretzheim.de\/wp-content\/uploads\/2023\/05\/Sommerbiathlon-2023-30-644x968.jpg 644w, https:\/\/www.eintracht-schretzheim.de\/wp-content\/uploads\/2023\/05\/Sommerbiathlon-2023-30-768x1154.jpg 768w, https:\/\/www.eintracht-schretzheim.de\/wp-content\/uploads\/2023\/05\/Sommerbiathlon-2023-30-rotated.jpg 852w\" sizes=\"(max-width: 200px) 100vw, 200px\" \/><\/a><\/p>\n<p><a href=\"https:\/\/www.eintracht-schretzheim.de\/wp-content\/uploads\/2023\/05\/Sommerbiathlon-2023-31-rotated.jpg\"><img decoding=\"async\" class=\"size-medium wp-image-7981 aligncenter\" src=\"https:\/\/www.eintracht-schretzheim.de\/wp-content\/uploads\/2023\/05\/Sommerbiathlon-2023-31-200x300.jpg\" alt=\"\" width=\"200\" height=\"300\" srcset=\"https:\/\/www.eintracht-schretzheim.de\/wp-content\/uploads\/2023\/05\/Sommerbiathlon-2023-31-200x300.jpg 200w, https:\/\/www.eintracht-schretzheim.de\/wp-content\/uploads\/2023\/05\/Sommerbiathlon-2023-31-644x968.jpg 644w, https:\/\/www.eintracht-schretzheim.de\/wp-content\/uploads\/2023\/05\/Sommerbiathlon-2023-31-768x1154.jpg 768w, https:\/\/www.eintracht-schretzheim.de\/wp-content\/uploads\/2023\/05\/Sommerbiathlon-2023-31-rotated.jpg 852w\" sizes=\"(max-width: 200px) 100vw, 200px\" \/><\/a><\/p>\n<p style=\"text-align: center;\"><span style=\"color: #ff0000;\">Weitere Bilder der Veranstaltung k\u00f6nnen auch in unserer Bildergalerie eingesehen werden.<\/span><\/p>\n","protected":false},"excerpt":{"rendered":"<p>Erfolgreicher Tag f\u00fcr Schretzheimer Sch\u00fctzen<\/p>\n","protected":false},"author":10,"featured_media":0,"comment_status":"open","ping_status":"open","sticky":false,"template":"","format":"standard","meta":{"footnotes":""},"categories":[16],"tags":[],"class_list":["post-7976","post","type-post","status-publish","format-standard","hentry","category-internes"],"_links":{"self":[{"href":"https:\/\/www.eintracht-schretzheim.de\/index.php?rest_route=\/wp\/v2\/posts\/7976","targetHints":{"allow":["GET"]}}],"collection":[{"href":"https:\/\/www.eintracht-schretzheim.de\/index.php?rest_route=\/wp\/v2\/posts"}],"about":[{"href":"https:\/\/www.eintracht-schretzheim.de\/index.php?rest_route=\/wp\/v2\/types\/post"}],"author":[{"embeddable":true,"href":"https:\/\/www.eintracht-schretzheim.de\/index.php?rest_route=\/wp\/v2\/users\/10"}],"replies":[{"embeddable":true,"href":"https:\/\/www.eintracht-schretzheim.de\/index.php?rest_route=%2Fwp%2Fv2%2Fcomments&post=7976"}],"version-history":[{"count":5,"href":"https:\/\/www.eintracht-schretzheim.de\/index.php?rest_route=\/wp\/v2\/posts\/7976\/revisions"}],"predecessor-version":[{"id":7984,"href":"https:\/\/www.eintracht-schretzheim.de\/index.php?rest_route=\/wp\/v2\/posts\/7976\/revisions\/7984"}],"wp:attachment":[{"href":"https:\/\/www.eintracht-schretzheim.de\/index.php?rest_route=%2Fwp%2Fv2%2Fmedia&parent=7976"}],"wp:term":[{"taxonomy":"category","embeddable":true,"href":"https:\/\/www.eintracht-schretzheim.de\/index.php?rest_route=%2Fwp%2Fv2%2Fcategories&post=7976"},{"taxonomy":"post_tag","embeddable":true,"href":"https:\/\/www.eintracht-schretzheim.de\/index.php?rest_route=%2Fwp%2Fv2%2Ftags&post=7976"}],"curies":[{"name":"wp","href":"https:\/\/api.w.org\/{rel}","templated":true}]}}