{"id":7584,"date":"2023-01-08T10:10:48","date_gmt":"2023-01-08T09:10:48","guid":{"rendered":"https:\/\/www.eintracht-schretzheim.de\/?p=7584"},"modified":"2023-01-08T11:02:45","modified_gmt":"2023-01-08T10:02:45","slug":"ergebnisse-weihnachts-und-koenigsschiessen-2022","status":"publish","type":"post","link":"https:\/\/www.eintracht-schretzheim.de\/?p=7584","title":{"rendered":"Ergebnisse Weihnachts &#8211; und K\u00f6nigsschie\u00dfen 2022"},"content":{"rendered":"<h2><span style=\"color: #ff0000;\">Die neuen K\u00f6nige sind proklamiert<\/span><\/h2>\n<p><!--more--><\/p>\n<p><a href=\"https:\/\/www.eintracht-schretzheim.de\/wp-content\/uploads\/2023\/01\/WS-2022-65.jpg\"><img fetchpriority=\"high\" decoding=\"async\" class=\"wp-image-7596 aligncenter\" src=\"https:\/\/www.eintracht-schretzheim.de\/wp-content\/uploads\/2023\/01\/WS-2022-65-300x190.jpg\" alt=\"\" width=\"346\" height=\"219\" srcset=\"https:\/\/www.eintracht-schretzheim.de\/wp-content\/uploads\/2023\/01\/WS-2022-65-300x190.jpg 300w, https:\/\/www.eintracht-schretzheim.de\/wp-content\/uploads\/2023\/01\/WS-2022-65-644x407.jpg 644w, https:\/\/www.eintracht-schretzheim.de\/wp-content\/uploads\/2023\/01\/WS-2022-65-768x485.jpg 768w, https:\/\/www.eintracht-schretzheim.de\/wp-content\/uploads\/2023\/01\/WS-2022-65.jpg 1046w\" sizes=\"(max-width: 346px) 100vw, 346px\" \/><\/a><\/p>\n<p>Mit Alexander R\u00f6mming ( 11,6 Teiler) konnte sich heuer wieder ein Sch\u00fctze mit der Luftpistole die K\u00f6nigsw\u00fcrde in der Sch\u00fctzenklasse sichern. In der Jugendklasse war Johannes D\u00f6rle mit einem 5,0 Teiler nicht zu schlagen, und holte sich zum ersten Mal, in seiner noch jungen Karriere einen K\u00f6nigstitel. Neuer Auflagek\u00f6nig wurde Lothar Massing mit einem 5,6 Teiler. Auch f\u00fcr ihn ist es der erste K\u00f6nigstitel, seit er sich den Eintrachtsch\u00fctzen angeschlossen hat. Diese drei werden im Sportjahr 2023 den Verein als neue Vereinsk\u00f6nige auf allen Veranstaltungen repr\u00e4sentieren.<\/p>\n<p>Beim Weihnachtsschie\u00dfen bedurfte es auch heuer wieder einen 0,0 Teiler, um sich den Platz ganz oben zu sichern. Mit Anneliese B\u00e4sche und Georg Weger konnte aber gleich zwei Sch\u00fctzinnen\/Sch\u00fctzen diesen perfekten Schuss aufweisen. Letzterer schaffte aber das Kunstst\u00fcck, gleich 2 dieser perfekten Sch\u00fcssen zu erzielen, und sicherte sich damit den Sieg im Weihnachtsschie\u00dfen 2022.<\/p>\n<p>&nbsp;<\/p>\n<p><span style=\"color: #ff0000;\">Unter nachfolgendem Link k\u00f6nnen die Gesamtergebnisse des Weihnacht &#8211; und K\u00f6nigsschie\u00dfen 2022 eingesehen werden.<\/span><\/p>\n<h3 style=\"text-align: center;\"><strong><a href=\"https:\/\/www.eintracht-schretzheim.de\/wp-content\/uploads\/2023\/01\/Ergebnisse-WS-2022.pdf\">Ergebnisse WS 2022<\/a><\/strong><\/h3>\n<p>&nbsp;<\/p>\n<p>Unter &#8222;Bildergalerie&#8220; k\u00f6nnen einige Bilder der Veranstaltung eingesehen k\u00f6nnen.<\/p>\n<p>&nbsp;<\/p>\n","protected":false},"excerpt":{"rendered":"<p>Die neuen K\u00f6nige sind proklamiert<\/p>\n","protected":false},"author":10,"featured_media":0,"comment_status":"open","ping_status":"open","sticky":false,"template":"","format":"standard","meta":{"footnotes":""},"categories":[1],"tags":[],"class_list":["post-7584","post","type-post","status-publish","format-standard","hentry","category-allgemein"],"_links":{"self":[{"href":"https:\/\/www.eintracht-schretzheim.de\/index.php?rest_route=\/wp\/v2\/posts\/7584","targetHints":{"allow":["GET"]}}],"collection":[{"href":"https:\/\/www.eintracht-schretzheim.de\/index.php?rest_route=\/wp\/v2\/posts"}],"about":[{"href":"https:\/\/www.eintracht-schretzheim.de\/index.php?rest_route=\/wp\/v2\/types\/post"}],"author":[{"embeddable":true,"href":"https:\/\/www.eintracht-schretzheim.de\/index.php?rest_route=\/wp\/v2\/users\/10"}],"replies":[{"embeddable":true,"href":"https:\/\/www.eintracht-schretzheim.de\/index.php?rest_route=%2Fwp%2Fv2%2Fcomments&post=7584"}],"version-history":[{"count":7,"href":"https:\/\/www.eintracht-schretzheim.de\/index.php?rest_route=\/wp\/v2\/posts\/7584\/revisions"}],"predecessor-version":[{"id":7611,"href":"https:\/\/www.eintracht-schretzheim.de\/index.php?rest_route=\/wp\/v2\/posts\/7584\/revisions\/7611"}],"wp:attachment":[{"href":"https:\/\/www.eintracht-schretzheim.de\/index.php?rest_route=%2Fwp%2Fv2%2Fmedia&parent=7584"}],"wp:term":[{"taxonomy":"category","embeddable":true,"href":"https:\/\/www.eintracht-schretzheim.de\/index.php?rest_route=%2Fwp%2Fv2%2Fcategories&post=7584"},{"taxonomy":"post_tag","embeddable":true,"href":"https:\/\/www.eintracht-schretzheim.de\/index.php?rest_route=%2Fwp%2Fv2%2Ftags&post=7584"}],"curies":[{"name":"wp","href":"https:\/\/api.w.org\/{rel}","templated":true}]}}