{"id":7435,"date":"2022-11-07T20:02:54","date_gmt":"2022-11-07T19:02:54","guid":{"rendered":"https:\/\/www.eintracht-schretzheim.de\/?p=7435"},"modified":"2022-11-08T19:25:31","modified_gmt":"2022-11-08T18:25:31","slug":"generationenmatch-2022-des-bssb","status":"publish","type":"post","link":"https:\/\/www.eintracht-schretzheim.de\/?p=7435","title":{"rendered":"Generationenmatch 2022 des BSSB"},"content":{"rendered":"<h2><span style=\"color: #ff0000;\">Schretzheimer Mannschaft schafft es aufs Treppchen<\/span><\/h2>\n<p><!--more--><\/p>\n<p>Eine wirklich tolle Veranstaltung, die der BSSB hier auf die F\u00fc\u00dfe stellt. Bei diesem Wettbewerb bilden 3 Sch\u00fctzen eine Mannschaft. Die Mannschaften m\u00fcssen aber allesamt aus je einem Sch\u00fctzen\/einer Sch\u00fctzin der Jugendklasse, der Sch\u00fctzenklasse sowie aus der Seniorenklasse gebildet werden. Mit welcher Druckluftwaffe die Teilnehmer an den Start gehen, ist hier frei. Die Seniorenklasse darf auch Aufgelegt schie\u00dfen. Durch ein ausgekl\u00fcgeltes Punktesystem ist hier eine absolut gerechte Wertung gegeben. Auch die Auflagesch\u00fctzen haben hier eigentlich keinen Vorteil, da hier der Schusswert, wie auch der Wert hinter dem Komma mit Punkten bedacht wird. So bringt eine 7,9 (7+9 =16 Punkte) genauso viele Punkte wie eine 10,6 (10+6=16 Punkte) ein. Alles in allem eine wirklich sch\u00f6ne Veranstaltung, an der 3 Generationen gemeinsam an den Stand gehen k\u00f6nnen. Nachdem die Veranstaltung die vergangenen beiden Jahre wegen Corona ausgefallen ist, wurde sie heuer wieder zum Leben erweckt. Und ganze 30 Mannschaften aus ganz Bayern haben den Weg zur Olympia &#8211; Schie\u00dfanlage nach M\u00fcnchen nicht gescheut, um daran teil zu nehmen. Schretzheim nahm heuer erstmals teil, und stellte gleich 4 Mannschaften. Kein anderer Verein in Bayern konnte eine st\u00e4rkere Mannschaft an den Start schicken. Und ausbezahlt hat sich das Ganze f\u00fcr Schretzheim dann auch noch. Die Mannschaft mit Julian Miehlich (400 Punkte), Florian Miehlich (432 Punkte) und Walter Brandmaier (460 Punkte) konnten in der Endabrechnung mit einem Mannschaftsergebnis von 1292 Punkte den 3. Platz erreichen, und somit einen Platz auf dem Siegertreppchen einnehmen. Aber auch die Mannschaft mit Nina Kapfer (403 Punkte), Florian Hitzler (397 Punkte) und Georg Weger (440 Punkte) konnten sich in die Preispl\u00e4tze, bis Platz 12 gab es Urkunden, k\u00e4mpfen. Am Ende fanden sie sich mit 1240 Punkten auf dem 10. Platz wieder. Dieser Platz musste aber im einzigen Stechschie\u00dfen des Tages ausgeschossen werden. Hier lies aber Georg Weger, der f\u00fcr Schretzheim an den Start ging, nichts anbrennen. Er lie\u00df seinem Gegner aus Schwennenbach in den 5 Stechsch\u00fcssen \u00fcberhaupt keine Chance. Mit 4 H\u00f6chstwertungen konnte er den 10. Platz f\u00fcr seine Mannschaft sichern.\u00a0 Die beiden anderen Mannschaften konnten sich auf Platz 17. bzw. Platz 21 einreihen.<\/p>\n<p><span style=\"text-decoration: underline;\"><strong>Unter nachfolgendem Link kann die komplette Siegerliste eingesehen werden.<\/strong><\/span><\/p>\n<h3 style=\"text-align: center;\"><a href=\"https:\/\/www.eintracht-schretzheim.de\/wp-content\/uploads\/2022\/11\/Ergebnisse-Generationenmatch-2022.pdf\">Ergebnisse Generationenmatch 2022<\/a><\/h3>\n<p>&nbsp;<\/p>\n<p><a href=\"https:\/\/www.eintracht-schretzheim.de\/wp-content\/uploads\/2022\/11\/Generationenmatch-2022-.jpg\"><img fetchpriority=\"high\" decoding=\"async\" class=\"size-medium wp-image-7438 aligncenter\" src=\"https:\/\/www.eintracht-schretzheim.de\/wp-content\/uploads\/2022\/11\/Generationenmatch-2022--300x206.jpg\" alt=\"\" width=\"300\" height=\"206\" srcset=\"https:\/\/www.eintracht-schretzheim.de\/wp-content\/uploads\/2022\/11\/Generationenmatch-2022--300x206.jpg 300w, https:\/\/www.eintracht-schretzheim.de\/wp-content\/uploads\/2022\/11\/Generationenmatch-2022--644x443.jpg 644w, https:\/\/www.eintracht-schretzheim.de\/wp-content\/uploads\/2022\/11\/Generationenmatch-2022--768x529.jpg 768w, https:\/\/www.eintracht-schretzheim.de\/wp-content\/uploads\/2022\/11\/Generationenmatch-2022-.jpg 1280w\" sizes=\"(max-width: 300px) 100vw, 300px\" \/><\/a><\/p>\n<p>&nbsp;<\/p>\n<p style=\"text-align: center;\"><strong>Alle Schretzheimer Starter beim Generationenmatch 2022<\/strong><\/p>\n<p>&nbsp;<\/p>\n<p><a href=\"https:\/\/www.eintracht-schretzheim.de\/wp-content\/uploads\/2022\/11\/Sieger-Generationenmatch-2022.jpg\"><img decoding=\"async\" class=\"size-medium wp-image-7446 aligncenter\" src=\"https:\/\/www.eintracht-schretzheim.de\/wp-content\/uploads\/2022\/11\/Sieger-Generationenmatch-2022-300x200.jpg\" alt=\"\" width=\"300\" height=\"200\" srcset=\"https:\/\/www.eintracht-schretzheim.de\/wp-content\/uploads\/2022\/11\/Sieger-Generationenmatch-2022-300x200.jpg 300w, https:\/\/www.eintracht-schretzheim.de\/wp-content\/uploads\/2022\/11\/Sieger-Generationenmatch-2022-644x430.jpg 644w, https:\/\/www.eintracht-schretzheim.de\/wp-content\/uploads\/2022\/11\/Sieger-Generationenmatch-2022-768x513.jpg 768w, https:\/\/www.eintracht-schretzheim.de\/wp-content\/uploads\/2022\/11\/Sieger-Generationenmatch-2022.jpg 1440w\" sizes=\"(max-width: 300px) 100vw, 300px\" \/><\/a><\/p>\n<p>&nbsp;<\/p>\n<p style=\"text-align: center;\"><strong>Auf dem Siegertreppchen ist es immer am sch\u00f6nsten. Ein toller Platz 3. f\u00fcr Schretzheim (v.li. Florian Miehlich, Walter Brandmaier und Julian Miehlich)<\/strong><\/p>\n<p>&nbsp;<\/p>\n","protected":false},"excerpt":{"rendered":"<p>Schretzheimer Mannschaft schafft es aufs Treppchen<\/p>\n","protected":false},"author":10,"featured_media":0,"comment_status":"open","ping_status":"open","sticky":false,"template":"","format":"standard","meta":{"footnotes":""},"categories":[1],"tags":[],"class_list":["post-7435","post","type-post","status-publish","format-standard","hentry","category-allgemein"],"_links":{"self":[{"href":"https:\/\/www.eintracht-schretzheim.de\/index.php?rest_route=\/wp\/v2\/posts\/7435","targetHints":{"allow":["GET"]}}],"collection":[{"href":"https:\/\/www.eintracht-schretzheim.de\/index.php?rest_route=\/wp\/v2\/posts"}],"about":[{"href":"https:\/\/www.eintracht-schretzheim.de\/index.php?rest_route=\/wp\/v2\/types\/post"}],"author":[{"embeddable":true,"href":"https:\/\/www.eintracht-schretzheim.de\/index.php?rest_route=\/wp\/v2\/users\/10"}],"replies":[{"embeddable":true,"href":"https:\/\/www.eintracht-schretzheim.de\/index.php?rest_route=%2Fwp%2Fv2%2Fcomments&post=7435"}],"version-history":[{"count":9,"href":"https:\/\/www.eintracht-schretzheim.de\/index.php?rest_route=\/wp\/v2\/posts\/7435\/revisions"}],"predecessor-version":[{"id":7449,"href":"https:\/\/www.eintracht-schretzheim.de\/index.php?rest_route=\/wp\/v2\/posts\/7435\/revisions\/7449"}],"wp:attachment":[{"href":"https:\/\/www.eintracht-schretzheim.de\/index.php?rest_route=%2Fwp%2Fv2%2Fmedia&parent=7435"}],"wp:term":[{"taxonomy":"category","embeddable":true,"href":"https:\/\/www.eintracht-schretzheim.de\/index.php?rest_route=%2Fwp%2Fv2%2Fcategories&post=7435"},{"taxonomy":"post_tag","embeddable":true,"href":"https:\/\/www.eintracht-schretzheim.de\/index.php?rest_route=%2Fwp%2Fv2%2Ftags&post=7435"}],"curies":[{"name":"wp","href":"https:\/\/api.w.org\/{rel}","templated":true}]}}