{"id":7272,"date":"2022-09-17T21:07:44","date_gmt":"2022-09-17T19:07:44","guid":{"rendered":"https:\/\/www.eintracht-schretzheim.de\/?p=7272"},"modified":"2022-09-19T17:11:18","modified_gmt":"2022-09-19T15:11:18","slug":"dm-2022_hannover-und-dortmund","status":"publish","type":"post","link":"https:\/\/www.eintracht-schretzheim.de\/?p=7272","title":{"rendered":"DM 2022_Hannover und Dortmund"},"content":{"rendered":"<h2><span style=\"color: #ff0000;\">4 Schretzheimer sind mit dabei<\/span><\/h2>\n<p><!--more--><\/p>\n<p>Auch bei den Deutschen Meisterschaften in Hannover bzw. Dortmund sind heuer 2 Sch\u00fctzen aus Schretzheim mit am Start. Den Anfang macht hier Hermann Schuster, der in Hannover in der Disziplin Freie Pistole Auflage an den Start gehen darf. Zwei Wochen sp\u00e4ter ist dann Georg Weger in Dortmund an der Reihe. Er wird mit dem Luftgewehr \/ Auflage sein Gl\u00fcck versuchen. Erwischt er einen guten Tag, kann er sicherlich ganz vorne mitmischen.<\/p>\n<p>Mit Peter M\u00fcller und Walter Brandmaier k\u00e4mpfen noch zwei weitere Sch\u00fctzen aus Schretzheim um Ruhm und Ehre bei den Deutschen Meisterschaften. Sie gehen aber in den Disziplinen Luftgewehr Auflage, KK 50m Auflage und KK 100m Auflage f\u00fcr Wittislingen an den Start.<\/p>\n<p><strong><span style=\"text-decoration: underline;\">Nachfolgend die Startzeiten beider Sch\u00fctzen:<\/span><\/strong><\/p>\n<p><a href=\"https:\/\/www.eintracht-schretzheim.de\/wp-content\/uploads\/2022\/09\/Starterliste-Deutsche-Meisterschaft-2022.pdf\">Starterliste Deutsche Meisterschaft 2022<\/a><\/p>\n","protected":false},"excerpt":{"rendered":"<p>4 Schretzheimer sind mit dabei<\/p>\n","protected":false},"author":10,"featured_media":0,"comment_status":"open","ping_status":"open","sticky":false,"template":"","format":"standard","meta":{"footnotes":""},"categories":[7],"tags":[],"class_list":["post-7272","post","type-post","status-publish","format-standard","hentry","category-meisterschaften"],"_links":{"self":[{"href":"https:\/\/www.eintracht-schretzheim.de\/index.php?rest_route=\/wp\/v2\/posts\/7272","targetHints":{"allow":["GET"]}}],"collection":[{"href":"https:\/\/www.eintracht-schretzheim.de\/index.php?rest_route=\/wp\/v2\/posts"}],"about":[{"href":"https:\/\/www.eintracht-schretzheim.de\/index.php?rest_route=\/wp\/v2\/types\/post"}],"author":[{"embeddable":true,"href":"https:\/\/www.eintracht-schretzheim.de\/index.php?rest_route=\/wp\/v2\/users\/10"}],"replies":[{"embeddable":true,"href":"https:\/\/www.eintracht-schretzheim.de\/index.php?rest_route=%2Fwp%2Fv2%2Fcomments&post=7272"}],"version-history":[{"count":6,"href":"https:\/\/www.eintracht-schretzheim.de\/index.php?rest_route=\/wp\/v2\/posts\/7272\/revisions"}],"predecessor-version":[{"id":7280,"href":"https:\/\/www.eintracht-schretzheim.de\/index.php?rest_route=\/wp\/v2\/posts\/7272\/revisions\/7280"}],"wp:attachment":[{"href":"https:\/\/www.eintracht-schretzheim.de\/index.php?rest_route=%2Fwp%2Fv2%2Fmedia&parent=7272"}],"wp:term":[{"taxonomy":"category","embeddable":true,"href":"https:\/\/www.eintracht-schretzheim.de\/index.php?rest_route=%2Fwp%2Fv2%2Fcategories&post=7272"},{"taxonomy":"post_tag","embeddable":true,"href":"https:\/\/www.eintracht-schretzheim.de\/index.php?rest_route=%2Fwp%2Fv2%2Ftags&post=7272"}],"curies":[{"name":"wp","href":"https:\/\/api.w.org\/{rel}","templated":true}]}}